{"id":26715,"date":"2021-06-23T15:22:47","date_gmt":"2021-06-23T15:22:47","guid":{"rendered":"http:\/\/historiografija.hr\/?p=26715"},"modified":"2021-06-23T15:22:47","modified_gmt":"2021-06-23T15:22:47","slug":"znanstveni-skup-preko-i-njegovo-podrucje","status":"publish","type":"post","link":"https:\/\/historiografija.hr\/?p=26715","title":{"rendered":"Znanstveni skup \u201ePreko i njegovo podru\u010dje\u201c"},"content":{"rendered":"\n<p>U organizaciji Sveu\u010dili\u0161ta u Zadru i Op\u0107ine Preko, 25. i 26. lipnja 2021. odr\u017eat \u0107e se znanstveni skup \u201ePreko i njegovo podru\u010dje\u201c.<\/p>\n\n\n\n<p><br>Sve\u010dano otvaranje skupa odr\u017eat \u0107e se u Sve\u010danoj dvorani Sveu\u010dili\u0161ta, u petak 25. lipnja 2021. s po\u010detkom u 9 sati. Program predvi\u0111en za subotu, 26. lipnja, odr\u017eat \u0107e se u Preku, u prostorima osnovne \u0161kole \u201eValentin Klarin\u201c.<\/p>\n\n\n\n<p><br><a rel=\"noreferrer noopener\" href=\"https:\/\/www.unizd.hr\/Portals\/0\/Program%20i%20knjizica%20sazetaka.pdf\" target=\"_blank\">Program skupa i knji\u017eica sa\u017eeta.\u00a0<\/a><\/p>\n\n\n\n<hr class=\"wp-block-separator\"\/>\n\n\n\n<p>Izvor: <\/p>\n\n\n\n<p><a href=\"https:\/\/www.unizd.hr\/obavijesti\/view\/artmid\/18146\/articleid\/44138\/znanstveni-skup-%e2%80%9epreko-i-njegovo-podru%c4%8dje%e2%80%9c\">https:\/\/www.unizd.hr\/obavijesti\/view\/artmid\/18146\/articleid\/44138\/znanstveni-skup-%e2%80%9epreko-i-njegovo-podru%c4%8dje%e2%80%9c<\/a><\/p>\n\n\n\n<hr class=\"wp-block-separator\"\/>\n","protected":false},"excerpt":{"rendered":"","protected":false},"author":2,"featured_media":26716,"comment_status":"open","ping_status":"open","sticky":false,"template":"","format":"standard","meta":{"_acf_changed":false,"jetpack_post_was_ever_published":false,"_jetpack_newsletter_access":"","_jetpack_dont_email_post_to_subs":false,"_jetpack_newsletter_tier_id":0,"_jetpack_memberships_contains_paywalled_content":false,"_jetpack_memberships_contains_paid_content":false,"footnotes":"","jetpack_publicize_message":"","jetpack_publicize_feature_enabled":true,"jetpack_social_post_already_shared":true,"jetpack_social_options":{"image_generator_settings":{"template":"highway","default_image_id":0,"font":"","enabled":false},"version":2}},"categories":[3,9],"tags":[],"class_list":["post-26715","post","type-post","status-publish","format-standard","has-post-thumbnail","hentry","category-novosti","category-skupovi"],"acf":{"facebook_opis":""},"jetpack_publicize_connections":[],"jetpack_featured_media_url":"https:\/\/i0.wp.com\/historiografija.hr\/wp-content\/uploads\/2021\/06\/PREKO-plakat.jpg?fit=404%2C600&ssl=1","jetpack_sharing_enabled":true,"jetpack-related-posts":[],"_links":{"self":[{"href":"https:\/\/historiografija.hr\/index.php?rest_route=\/wp\/v2\/posts\/26715","targetHints":{"allow":["GET"]}}],"collection":[{"href":"https:\/\/historiografija.hr\/index.php?rest_route=\/wp\/v2\/posts"}],"about":[{"href":"https:\/\/historiografija.hr\/index.php?rest_route=\/wp\/v2\/types\/post"}],"author":[{"embeddable":true,"href":"https:\/\/historiografija.hr\/index.php?rest_route=\/wp\/v2\/users\/2"}],"replies":[{"embeddable":true,"href":"https:\/\/historiografija.hr\/index.php?rest_route=%2Fwp%2Fv2%2Fcomments&post=26715"}],"version-history":[{"count":1,"href":"https:\/\/historiografija.hr\/index.php?rest_route=\/wp\/v2\/posts\/26715\/revisions"}],"predecessor-version":[{"id":26717,"href":"https:\/\/historiografija.hr\/index.php?rest_route=\/wp\/v2\/posts\/26715\/revisions\/26717"}],"wp:featuredmedia":[{"embeddable":true,"href":"https:\/\/historiografija.hr\/index.php?rest_route=\/wp\/v2\/media\/26716"}],"wp:attachment":[{"href":"https:\/\/historiografija.hr\/index.php?rest_route=%2Fwp%2Fv2%2Fmedia&parent=26715"}],"wp:term":[{"taxonomy":"category","embeddable":true,"href":"https:\/\/historiografija.hr\/index.php?rest_route=%2Fwp%2Fv2%2Fcategories&post=26715"},{"taxonomy":"post_tag","embeddable":true,"href":"https:\/\/historiografija.hr\/index.php?rest_route=%2Fwp%2Fv2%2Ftags&post=26715"}],"curies":[{"name":"wp","href":"https:\/\/api.w.org\/{rel}","templated":true}]}}