{"id":26698,"date":"2021-06-21T14:48:24","date_gmt":"2021-06-21T14:48:24","guid":{"rendered":"http:\/\/historiografija.hr\/?p=26698"},"modified":"2021-06-21T14:50:06","modified_gmt":"2021-06-21T14:50:06","slug":"umro-povjesnicar-i-publicist-daniel-ivin-goldstein","status":"publish","type":"post","link":"https:\/\/historiografija.hr\/?p=26698","title":{"rendered":"Umro povjesni\u010dar i publicist Daniel Ivin Goldstein"},"content":{"rendered":"\n<p>ZAGREB, 21. lipnja 2021. (Hina) &#8211;\u00a0Povjesni\u010dar, publicist i javni djelatnik Daniel Ivin Goldstein umro je u nedjelju nave\u010der u 21.35 sati, priop\u0107io je povjesni\u010dar Ivo Goldstein u ponedjeljak.<\/p>\n\n\n\n<p>Daniel Ivin ro\u0111en je u Karlovcu, 16. travnja 1932. u obitelji Ive Goldsteina i Lee ro\u0111ene Br\u00fcll, koja je 1928. u Sarajevu dobila sina Slavka.<\/p>\n\n\n\n<p>Po osnutku NDH, Daniel je iz Karlovca zbog opasnosti od deportacija potkraj 1941. godine preba\u010den djedu i baki u Tuzlu, a kada je i ondje postalo opasno, po\u010detkom 1942. putuje iz Tuzle u Kraljevicu, gdje su ga \u010dekali majka i brat. Putovao je uz pratnju Josipa Pribilovi\u0107a, koji je 2002. progla\u0161en Pravednikom me\u0111u narodima.<\/p>\n\n\n\n<p>Priklju\u010dio se partizanskom pokretu u svibnju 1942. kao kurir pri Vrhovnom \u0161tabu. Iselio se u Izrael 1949, a vratio se 1952. Tada mijenja i prvotno prezime Goldstein u Ivin.<\/p>\n\n\n\n<p>U Zagrebu je zavr\u0161io gimnaziju 1955. i studij povijesti na Filozofskom fakultetu 1965. U me\u0111uvremenu 1950-ih radio u novinarstvu, industriji i turizmu te od 1963. u Institutu za historiju radni\u010dkoga pokreta Hrvatske u Zagrebu.<\/p>\n\n\n\n<p>Zbog sudjelovanja u poku\u0161aju osnivanja politi\u010dki nezavisnoga \u010dasopisa \u201cSlobodni glas\u201d u Zadru 1966.&nbsp;Ivin je bio zatvoren, otpu\u0161ten s posla i zabranjeno mu je objavljivanje.&nbsp;Stoga mu je knjiga \u201cRevolution und Evolution in Jugoslawien\u201d, u kojoj se bavi razdobljem 1948\u201352, posebice promjenama u politici KPJ 1949. izdana 1968. u inozemstvu.<\/p>\n\n\n\n<p>Umirovljen je kao antifa\u0161isti\u010dki borac 1975. U VUS-u, Horizontu i Plavom vjesniku 1950-ih pisao je reporta\u017ee i feljtone. Njegovi povijesni i politi\u010dki \u010dlanci, reagiranja i intervjui objavljivani su u publikacijama Putovi revolucije (1964), Analyse (1966), Ovdje &nbsp;(1970), Oko (1989), Slobodna Dalmacija (1989\u201390), Start&nbsp;(1989), Danas (1990), Feral Tribune (1993), Arkzin (1994), Novi list (1994\u201397, 1999), Kolo (1998), Hrvatska ljevica (1999), Jutarnji list (1999), Nacional (2000) i Ve\u010dernji list (2000).<\/p>\n\n\n\n<p>Napisao drame \u201cTko je protiv Supila?\u201d (Forum, 1987, 1\/2) i \u201c\u010cetvrti iskaz Ilije Gregori\u0107a\u201d (Kolo, 2001, 4) te prvu knjigu politi\u010dkoga romana s ljubavnim elementima \u201cHrvatsko pitanje\u201d (prvi put objavljen u Forumu 1990 \u201391). Po\u010detak druge knjige toga romana tiskan je u Kolu (1999, 3).<\/p>\n\n\n\n<p>Jedan je od pokreta\u010da vi\u0161estrana\u010dja u Hrvatskoj i utemeljitelja Hrvatske socijalno-liberalne stranke i Hrvatskoga odbora za za\u0161titu i promicanje ljudskih prava 1989, Hrvatskoga helsin\u0161koga odbora za ljudska prava 1993. te jedan od utemeljitelja i predsjednik udruge \u00bbDom\u00ab, koja se 1994\u201395. bavila problemom delo\u017eacija u Hrvatskoj.<\/p>\n\n\n\n<hr class=\"wp-block-separator\"\/>\n\n\n\n<p>Iz medija:<\/p>\n\n\n\n<p><a href=\"https:\/\/www.hina.hr\/vijest\/10711222\">https:\/\/www.hina.hr\/vijest\/10711222<\/a><\/p>\n\n\n\n<figure class=\"wp-block-embed-wordpress wp-block-embed is-type-wp-embed is-provider-n-1\"><div class=\"wp-block-embed__wrapper\">\n<blockquote class=\"wp-embedded-content\" data-secret=\"f3RiZguGe3\"><a href=\"https:\/\/hr.n1info.com\/vijesti\/umro-povjesnicar-i-publicist-daniel-ivin-goldstein\/\">Umro povjesni\u010dar i publicist Daniel Ivin Goldstein<\/a><\/blockquote><iframe loading=\"lazy\" class=\"wp-embedded-content\" sandbox=\"allow-scripts\" security=\"restricted\" style=\"position: absolute; clip: rect(1px, 1px, 1px, 1px);\" title=\"&#8220;Umro povjesni\u010dar i publicist Daniel Ivin Goldstein&#8221; &#8212; N1\" src=\"https:\/\/hr.n1info.com\/vijesti\/umro-povjesnicar-i-publicist-daniel-ivin-goldstein\/embed\/#?secret=f3RiZguGe3\" data-secret=\"f3RiZguGe3\" width=\"600\" height=\"338\" frameborder=\"0\" marginwidth=\"0\" marginheight=\"0\" scrolling=\"no\"><\/iframe>\n<\/div><\/figure>\n\n\n\n<p><a href=\"https:\/\/www.jutarnji.hr\/vijesti\/hrvatska\/umro-je-daniel-ivin-goldstein-povjesnicar-publicist-i-jedan-od-utemeljitelja-hsls-a-15082448\">https:\/\/www.jutarnji.hr\/vijesti\/hrvatska\/umro-je-daniel-ivin-goldstein-povjesnicar-publicist-i-jedan-od-utemeljitelja-hsls-a-15082448<\/a><\/p>\n\n\n\n<p><a href=\"https:\/\/www.telegram.hr\/politika-kriminal\/umro-povjesnicar-i-publicist-daniel-ivin-goldstein\/\">https:\/\/www.telegram.hr\/politika-kriminal\/umro-povjesnicar-i-publicist-daniel-ivin-goldstein\/<\/a><\/p>\n\n\n\n<p><a href=\"https:\/\/www.portalnovosti.com\/in-memoriam-daniel-ivin-1932-2021\">https:\/\/www.portalnovosti.com\/in-memoriam-daniel-ivin-1932-2021<\/a><\/p>\n\n\n\n<hr class=\"wp-block-separator\"\/>\n","protected":false},"excerpt":{"rendered":"","protected":false},"author":2,"featured_media":26701,"comment_status":"open","ping_status":"open","sticky":false,"template":"","format":"standard","meta":{"_acf_changed":false,"jetpack_post_was_ever_published":false,"_jetpack_newsletter_access":"","_jetpack_dont_email_post_to_subs":false,"_jetpack_newsletter_tier_id":0,"_jetpack_memberships_contains_paywalled_content":false,"_jetpack_memberships_contains_paid_content":false,"footnotes":"","jetpack_publicize_message":"","jetpack_publicize_feature_enabled":true,"jetpack_social_post_already_shared":true,"jetpack_social_options":{"image_generator_settings":{"template":"highway","default_image_id":0,"font":"","enabled":false},"version":2}},"categories":[3,20],"tags":[],"class_list":["post-26698","post","type-post","status-publish","format-standard","has-post-thumbnail","hentry","category-novosti","category-obavijesti-o-smrti-i-nekrolozi"],"acf":{"facebook_opis":""},"jetpack_publicize_connections":[],"jetpack_featured_media_url":"https:\/\/i0.wp.com\/historiografija.hr\/wp-content\/uploads\/2021\/06\/D-Ivin-foto-Hina.jpg?fit=800%2C338&ssl=1","jetpack_sharing_enabled":true,"jetpack-related-posts":[],"_links":{"self":[{"href":"https:\/\/historiografija.hr\/index.php?rest_route=\/wp\/v2\/posts\/26698","targetHints":{"allow":["GET"]}}],"collection":[{"href":"https:\/\/historiografija.hr\/index.php?rest_route=\/wp\/v2\/posts"}],"about":[{"href":"https:\/\/historiografija.hr\/index.php?rest_route=\/wp\/v2\/types\/post"}],"author":[{"embeddable":true,"href":"https:\/\/historiografija.hr\/index.php?rest_route=\/wp\/v2\/users\/2"}],"replies":[{"embeddable":true,"href":"https:\/\/historiografija.hr\/index.php?rest_route=%2Fwp%2Fv2%2Fcomments&post=26698"}],"version-history":[{"count":1,"href":"https:\/\/historiografija.hr\/index.php?rest_route=\/wp\/v2\/posts\/26698\/revisions"}],"predecessor-version":[{"id":26700,"href":"https:\/\/historiografija.hr\/index.php?rest_route=\/wp\/v2\/posts\/26698\/revisions\/26700"}],"wp:featuredmedia":[{"embeddable":true,"href":"https:\/\/historiografija.hr\/index.php?rest_route=\/wp\/v2\/media\/26701"}],"wp:attachment":[{"href":"https:\/\/historiografija.hr\/index.php?rest_route=%2Fwp%2Fv2%2Fmedia&parent=26698"}],"wp:term":[{"taxonomy":"category","embeddable":true,"href":"https:\/\/historiografija.hr\/index.php?rest_route=%2Fwp%2Fv2%2Fcategories&post=26698"},{"taxonomy":"post_tag","embeddable":true,"href":"https:\/\/historiografija.hr\/index.php?rest_route=%2Fwp%2Fv2%2Ftags&post=26698"}],"curies":[{"name":"wp","href":"https:\/\/api.w.org\/{rel}","templated":true}]}}