{"id":26689,"date":"2021-06-18T22:12:36","date_gmt":"2021-06-18T22:12:36","guid":{"rendered":"http:\/\/historiografija.hr\/?p=26689"},"modified":"2021-06-18T22:17:30","modified_gmt":"2021-06-18T22:17:30","slug":"mirko-guljas-legionareva-prica","status":"publish","type":"post","link":"https:\/\/historiografija.hr\/?p=26689","title":{"rendered":"Mirko Gulja\u0161, \u201cLegionareva pri\u010da\u201d"},"content":{"rendered":"\n<p>Nakladnik: Matica hrvatska Bizovac<\/p>\n\n\n\n<p>05\/2021.<\/p>\n\n\n\n<p>180 str.<\/p>\n\n\n\n<hr class=\"wp-block-separator\"\/>\n\n\n\n<p>Kada netko sa 65 godina objavi svoj knji\u017eevni prvijenac kao \u0161to je ovdje slu\u010daj s romanom <strong>&#8220;Legionarova pri\u010da&#8221;<\/strong> na\u0161i\u010dkog autora <strong>Mirka Gulja\u0161a<\/strong>, mo\u017eete biti sigurni da je rije\u010d o \u0161tivu o \u010dijoj je realizaciji autor godinama pomno promi\u0161ljao. Roman je to koji je nastao na osnovu pri\u010danja autorovog oca, a koji je pro\u017eivio traume Drugog svjetskog rata bore\u0107i se na pora\u017eenoj strani, pro\u017eivio je bitku za Staljingrad, Bleiburg i Kri\u017eni put.<\/p>\n\n\n\n<p>Evo \u0161to sam autor ka\u017ee u posveti ove knjige:<\/p>\n\n\n\n<p><em>Svjestan \u010dinjenice da svaki spomen na hrvatske vojnike koji su mimo svoje volje bili prisiljeni ratovati na \u201eonoj\u201c strani i danas izaziva sumnji\u010davost, odlu\u010dio sam ovu pri\u010du posvetiti upravo njima i njihovim sudbinama.<\/em><\/p>\n\n\n\n<p><em>Nepobitno je da Hrvati nisu ratovali zbog ideje, otimanja tu\u0111ega ili boga\u0107enja. <\/em><em>U vihor rata uvu\u010deni su kao i svi narodi onda\u0161nje Europe. \u201eRat je zlo\u201c,&nbsp; rije\u010di su moga pokojnoga oca. Probude se najni\u017ee strasti i nema nevinih. Vojnici se bore za golo pre\u017eivljavanje i suborce. Ideje i izaziva\u010di rata daleko su od rati\u0161ta. U rovovima \u017eivi bol, patnja i krv i na kraju pobjednici svoj gnjev iskale na protivni\u010dkim vojnicima.&nbsp;<\/em><\/p>\n\n\n\n<p><em>Pobjednici uvijek pi\u0161u povijest i nastoje u svojoj istini opravdati i zata\u0161kati svoje pobjedni\u010dko i\u017eivljavanje nad pora\u017eenima. Jedno zlo zamijeni drugo, a najslabiji ispa\u0161taju.<\/em><\/p>\n\n\n\n<p><em>Za razliku od \u201eonoga 1945.\u201c, nakon Domovinskoga rata pokazala se moralnost hrvatskog naroda i hrvatskih ratnika, \u0161to zna\u010di oprost te kako pobjednici trebaju postupati s pora\u017eenima.<\/em><\/p>\n\n\n\n<p><strong>Mirko Gulja\u0161 \u2013 Imrin<\/strong>, ro\u0111en je 27. sije\u010dnja 1956. godine u Razboji\u0161tu, op\u0107ina Podgora\u010d. Po zanimanju diplomirani pravnik. Dragovoljac i pri\u010duvni \u010dasnik iz Domovinskog rata. Do umirovljenja slu\u017ebenik u Ministarstvu obrane Republike Hrvatske. Pi\u0161e kratke dje\u010dje pri\u010de i poeziju za djecu. Roman &#8220;Legionarova pri\u010da&#8221; mu je prva objavljena knjiga.<\/p>\n\n\n\n<hr class=\"wp-block-separator\"\/>\n\n\n\n<p>Izvor: <a href=\"https:\/\/mvinfo.hr\/knjiga\/14655\/legionareva-prica\">https:\/\/mvinfo.hr\/knjiga\/14655\/legionareva-prica<\/a><\/p>\n\n\n\n<hr class=\"wp-block-separator\"\/>\n","protected":false},"excerpt":{"rendered":"","protected":false},"author":2,"featured_media":26690,"comment_status":"open","ping_status":"open","sticky":false,"template":"","format":"standard","meta":{"_acf_changed":false,"jetpack_post_was_ever_published":false,"_jetpack_newsletter_access":"","_jetpack_dont_email_post_to_subs":false,"_jetpack_newsletter_tier_id":0,"_jetpack_memberships_contains_paywalled_content":false,"_jetpack_memberships_contains_paid_content":false,"footnotes":"","jetpack_publicize_message":"","jetpack_publicize_feature_enabled":true,"jetpack_social_post_already_shared":true,"jetpack_social_options":{"image_generator_settings":{"template":"highway","default_image_id":0,"font":"","enabled":false},"version":2}},"categories":[3,12],"tags":[],"class_list":["post-26689","post","type-post","status-publish","format-standard","has-post-thumbnail","hentry","category-novosti","category-knjizevnost"],"acf":{"facebook_opis":""},"jetpack_publicize_connections":[],"jetpack_featured_media_url":"https:\/\/i0.wp.com\/historiografija.hr\/wp-content\/uploads\/2021\/06\/Legionareva-prica.jpg?fit=1240%2C1755&ssl=1","jetpack_sharing_enabled":true,"jetpack-related-posts":[],"_links":{"self":[{"href":"https:\/\/historiografija.hr\/index.php?rest_route=\/wp\/v2\/posts\/26689","targetHints":{"allow":["GET"]}}],"collection":[{"href":"https:\/\/historiografija.hr\/index.php?rest_route=\/wp\/v2\/posts"}],"about":[{"href":"https:\/\/historiografija.hr\/index.php?rest_route=\/wp\/v2\/types\/post"}],"author":[{"embeddable":true,"href":"https:\/\/historiografija.hr\/index.php?rest_route=\/wp\/v2\/users\/2"}],"replies":[{"embeddable":true,"href":"https:\/\/historiografija.hr\/index.php?rest_route=%2Fwp%2Fv2%2Fcomments&post=26689"}],"version-history":[{"count":2,"href":"https:\/\/historiografija.hr\/index.php?rest_route=\/wp\/v2\/posts\/26689\/revisions"}],"predecessor-version":[{"id":26696,"href":"https:\/\/historiografija.hr\/index.php?rest_route=\/wp\/v2\/posts\/26689\/revisions\/26696"}],"wp:featuredmedia":[{"embeddable":true,"href":"https:\/\/historiografija.hr\/index.php?rest_route=\/wp\/v2\/media\/26690"}],"wp:attachment":[{"href":"https:\/\/historiografija.hr\/index.php?rest_route=%2Fwp%2Fv2%2Fmedia&parent=26689"}],"wp:term":[{"taxonomy":"category","embeddable":true,"href":"https:\/\/historiografija.hr\/index.php?rest_route=%2Fwp%2Fv2%2Fcategories&post=26689"},{"taxonomy":"post_tag","embeddable":true,"href":"https:\/\/historiografija.hr\/index.php?rest_route=%2Fwp%2Fv2%2Ftags&post=26689"}],"curies":[{"name":"wp","href":"https:\/\/api.w.org\/{rel}","templated":true}]}}