{"id":26683,"date":"2021-06-18T21:56:00","date_gmt":"2021-06-18T21:56:00","guid":{"rendered":"http:\/\/historiografija.hr\/?p=26683"},"modified":"2021-06-18T21:56:00","modified_gmt":"2021-06-18T21:56:00","slug":"hubert-wolf-papa-i-davao-vatikanski-arhivi-i-treci-reich","status":"publish","type":"post","link":"https:\/\/historiografija.hr\/?p=26683","title":{"rendered":"Hubert Wolf, \u201cPapa i \u0111avao. Vatikanski arhivi i Tre\u0107i Reich\u201d"},"content":{"rendered":"\n<p>Prijevod s njema\u010dkog: Nenad Popovi\u0107<\/p>\n\n\n\n<p>&#8220;\u0160utnja Pija XII. &#8221; ostaje sporno pitanje me\u0111u povjesni\u010darima koji prou\u010davaju Tre\u0107i Reich i Holokaust. Na temelju dokumenata koje je Vatikanski tajni arhiv dao na uvid tijekom posljednjeg desetlje\u0107a, Wolf nudi analizu pontifikata Pija XI. (1922.-1939.). Pa\u017eljivo skicira vatikanski pogled na Njema\u010dku tijekom godina kada je Eugenio Pacelli, budu\u0107i Pio XII., bio nuncij u Njema\u010dkoj, a potom i kardinal dr\u017eavni tajnik. Wolfova analiza ovih dokumenata otkriva povijesno okru\u017eenje u kojem je Pacelli razvijao svoju perspektivu o Njema\u010dkoj, i tako poma\u017ee objasniti njegovu budu\u0107u &#8220;\u0161utnju&#8221;. Dokumenti nude nove uvide u ponekad zamr\u0161ene politike Vatikana s obzirom na antisemitizam, rasizam, pregovore oko Konkordata iz 1933. i odnos politike i dogme, uvijek napet i problemati\u010dan unutar Rimokatoli\u010dke crkve. Ova knjiga tako\u0111er otvara prozore o percepciji Vatikana o njema\u010dkim biskupskim reakcijama na Hitlerovu ideologiju i na pitanja poput politike eutanazije. Knjiga Huberta Wolfa, Papa i \u0111avao, nezaobilazan je i dragocjen prilog literaturi o odnosu Crkve i nacisti\u010dke Njema\u010dke.<\/p>\n\n\n\n<p><br>Hubert Wolf (W\u00f6rt, Baden-W\u00fcrttemberg, 1959.) njema\u010dki je crkveni povjesni\u010dar i profesor na Sveu\u010dili\u0161tu u M\u00fcnsteru. Dobitnik je nagrade Gottfried Wilhelm Leibniz 2003. godine. Studirao je rimokatoli\u010dku teologiju na Sveu\u010dili\u0161tu u T\u00fcbingenu i Sveu\u010dili\u0161tu Ludwig Maximilian u M\u00fcnchenu. Za sve\u0107enika je zare\u0111en 1985. godine, a 1992. postao je profesorom na Sveu\u010dili\u0161tu Johanna Wolfganga Goethea u Frankfurtu, a od 1999. predaje na Sveu\u010dili\u0161tu u M\u00fcnsteru.<\/p>\n\n\n\n<hr class=\"wp-block-separator\"\/>\n\n\n\n<p>Izvor: <a href=\"http:\/\/www.sandorf.hr\/blogitem.php?item_id=389&amp;tag=Papa%20i%20%C4%91avao&amp;type=4\">http:\/\/www.sandorf.hr\/blogitem.php?item_id=389&amp;tag=Papa%20i%20%C4%91avao&amp;type=4<\/a><\/p>\n\n\n\n<hr class=\"wp-block-separator\"\/>\n","protected":false},"excerpt":{"rendered":"","protected":false},"author":2,"featured_media":26684,"comment_status":"open","ping_status":"open","sticky":false,"template":"","format":"standard","meta":{"_acf_changed":false,"jetpack_post_was_ever_published":false,"_jetpack_newsletter_access":"","_jetpack_dont_email_post_to_subs":false,"_jetpack_newsletter_tier_id":0,"_jetpack_memberships_contains_paywalled_content":false,"_jetpack_memberships_contains_paid_content":false,"footnotes":"","jetpack_publicize_message":"","jetpack_publicize_feature_enabled":true,"jetpack_social_post_already_shared":true,"jetpack_social_options":{"image_generator_settings":{"template":"highway","default_image_id":0,"font":"","enabled":false},"version":2}},"categories":[8,3],"tags":[],"class_list":["post-26683","post","type-post","status-publish","format-standard","has-post-thumbnail","hentry","category-knjige","category-novosti"],"acf":{"facebook_opis":""},"jetpack_publicize_connections":[],"jetpack_featured_media_url":"https:\/\/i0.wp.com\/historiografija.hr\/wp-content\/uploads\/2021\/06\/Papa_i_djavao.jpg?fit=400%2C600&ssl=1","jetpack_sharing_enabled":true,"jetpack-related-posts":[],"_links":{"self":[{"href":"https:\/\/historiografija.hr\/index.php?rest_route=\/wp\/v2\/posts\/26683","targetHints":{"allow":["GET"]}}],"collection":[{"href":"https:\/\/historiografija.hr\/index.php?rest_route=\/wp\/v2\/posts"}],"about":[{"href":"https:\/\/historiografija.hr\/index.php?rest_route=\/wp\/v2\/types\/post"}],"author":[{"embeddable":true,"href":"https:\/\/historiografija.hr\/index.php?rest_route=\/wp\/v2\/users\/2"}],"replies":[{"embeddable":true,"href":"https:\/\/historiografija.hr\/index.php?rest_route=%2Fwp%2Fv2%2Fcomments&post=26683"}],"version-history":[{"count":1,"href":"https:\/\/historiografija.hr\/index.php?rest_route=\/wp\/v2\/posts\/26683\/revisions"}],"predecessor-version":[{"id":26685,"href":"https:\/\/historiografija.hr\/index.php?rest_route=\/wp\/v2\/posts\/26683\/revisions\/26685"}],"wp:featuredmedia":[{"embeddable":true,"href":"https:\/\/historiografija.hr\/index.php?rest_route=\/wp\/v2\/media\/26684"}],"wp:attachment":[{"href":"https:\/\/historiografija.hr\/index.php?rest_route=%2Fwp%2Fv2%2Fmedia&parent=26683"}],"wp:term":[{"taxonomy":"category","embeddable":true,"href":"https:\/\/historiografija.hr\/index.php?rest_route=%2Fwp%2Fv2%2Fcategories&post=26683"},{"taxonomy":"post_tag","embeddable":true,"href":"https:\/\/historiografija.hr\/index.php?rest_route=%2Fwp%2Fv2%2Ftags&post=26683"}],"curies":[{"name":"wp","href":"https:\/\/api.w.org\/{rel}","templated":true}]}}