{"id":26676,"date":"2021-06-17T12:25:20","date_gmt":"2021-06-17T12:25:20","guid":{"rendered":"http:\/\/historiografija.hr\/?p=26676"},"modified":"2021-06-17T12:25:20","modified_gmt":"2021-06-17T12:25:20","slug":"izlozba-fotografija-i-promocija-knjige-zivot-u-limbu-knjiga-oziljaka","status":"publish","type":"post","link":"https:\/\/historiografija.hr\/?p=26676","title":{"rendered":"Izlo\u017eba fotografija i promocija knjige &#8220;\u017divot u limbu &#8211; knjiga o\u017eiljaka&#8221;"},"content":{"rendered":"\n<p>U \u010detvrtak, 17. lipnja 2021. u 18 sati u Novinarskom domu u Zagrebu bit \u0107e izlo\u017eba fotografija i promocija knjige Igora \u010coke i Slavena Ra\u0161kovi\u0107a &#8220;\u017divot u limbu \u2013 knjiga o\u017eiljaka&#8221;.<\/p>\n\n\n\n<hr class=\"wp-block-separator\"\/>\n\n\n\n<p>Izlo\u017eba fotografija i promocija knjige &#8220;\u017divot u limbu &#8211; knjiga o\u017eiljaka&#8221;, u izdanju beogradskog forumZFD-a napokon sti\u017ee u Zagreb! &#8220;Knjiga je nositelj priznanja &#8220;Krunoslav Suki\u0107 &#8211; knjiga desetlje\u0107a&#8221;. Knjigu \u0107e predstaviti autori Igor \u010coko i Slaven Ra\u0161kovi\u0107 uz moderaciju novinara Jerka Bakotina. Velika dvorana HND-a, Perkov\u010deva 2 je mjesto susreta. Broj mjesta je u skladu s epidemiolo\u0161kim mjerama ograni\u010den na 60 pa tko prvi do\u0111e imat \u0107e prednost, ali svi ste pozvani. Izlo\u017eba \u0107e nakon otvaranja biti otvorena do 21.06., pa tko ne stigne na promociju, ima jo\u0161 par dana priliku za pogledati izlo\u017ebu.<\/p>\n\n\n\n<p>O knjizi:<\/p>\n\n\n\n<p>\u201cJedino \u0161to je u Kninu naraslo u posljednjih 25 godina je gradsko groblje\u201c. Ovom izjavom anonimnog Kninjanina po\u010dinje \u201e\u017divot u limbu: knjiga o\u017eiljaka\u201c, Slavena Ra\u0161kovi\u0107a i Igora \u010coke, nedavno objavljena u izdanju Foruma Zivilier Friedensdienst (forum ZFD).<\/p>\n\n\n\n<p><br>\u201eSlu\u0161ali smo\/ izdaleka \u010deki\u0107 sudbine\/ dovr\u0161avao je ne-na\u0161u pobjedu\u201c, prva je strofa pjesme \u201eEpilog\u201c, pokojnog kninskog pjesnika Dragana Babi\u0107a Pe\u0107ka. Njome zavr\u0161ava Ra\u0161kovi\u0107evo i \u010cokino djelo.<\/p>\n\n\n\n<p><br>Izme\u0111u, na stotinu dvadeset i ne\u0161to strana, autori su ispri\u010dali i ilustrirali pri\u010du o gradu ogromnog simboli\u010dkog zna\u010daja za noviju hrvatsku povijest i hrvatsko-srpske odnose kako kod nas, tako i takozvanoj regiji, gradu koji prema posljednjem popisu stanovni\u0161tva ima tek ne\u0161to malo vi\u0161e \u017eitelja od Makarske i u kojeg se, izuzev po\u010detkom kolovoza, vi\u0161e ide \u0161to se mora, nego \u0161to se istinski \u017eeli. O Kninu se, kao, u Hrvatskoj sve zna. Mjesto je to gdje po\u010deo i zavr\u0161io rat, u kojem su stolovali lideri takozvane Republike Srpske Krajine i nad kojim je Hrvatska vojska prije \u010detvrt stolje\u0107a podigla veliku, pobjedni\u010dku zastavu koju pora\u017eeni nisu vidjeli. Oni su ve\u0107 bili u izbjegli\u010dkoj koloni koja se, onolika kolika je bila, do dana dana\u0161njeg nije vratila na mjesto polaska. Niti \u0107e ikada, da se ne la\u017eemo. E u toj dugoj koloni bili su i sociolog i mirovni aktivist Slaven Ra\u0161kovi\u0107 (1984.), te antropolog i fotograf Igor \u010coko (1975.). Prvi odavno \u017eivi u Zagrebu. Drugom je i dalje adresa u Beogradu. Obojici je, je li, Knin rodni grad, a niti jednom toponim mita i ishodi\u0161te narativa koji ignorira kontekst. Tekst kojeg je ve\u0107inom \u2013 i sa zavidnim darom da literarizira publicistiku, ali da je pretjerano ne \u0161minka \u2013 ispisao Ra\u0161kovi\u0107, kao i sjajne, crno-bijele, surovo dokumentaristi\u010dke fotografije Igora \u010coke, mogu funkcionirati odvojeno, ali ovako, zajedni\u010dki, \u010dine vrijednu i va\u017enu knjigu o \u201eulici koja je zajebavala cijeli svijet\u201c, da bi zavr\u0161ila poput ceste kojom John Rambo, vra\u0107aju\u0107i se iz rata, ulazi u gradi\u0107e Hope, provinciju gdje \u0107e sva nadanja biti iznevjerena&#8230;<\/p>\n\n\n\n<p>Emir Imamovi\u0107 Pirke za Forum TM iz Zagreba, isje\u010dak iz recenzije knjige&#8230;<\/p>\n\n\n\n<hr class=\"wp-block-separator\"\/>\n\n\n\n<p>Izvori:<\/p>\n\n\n\n<p><a href=\"https:\/\/www.facebook.com\/events\/780125949333160\/\">https:\/\/www.facebook.com\/events\/780125949333160\/<\/a><\/p>\n\n\n\n<p><a href=\"https:\/\/www.hnd.hr\/dogadanja\">https:\/\/www.hnd.hr\/dogadanja<\/a><\/p>\n\n\n\n<hr class=\"wp-block-separator\"\/>\n","protected":false},"excerpt":{"rendered":"","protected":false},"author":2,"featured_media":26677,"comment_status":"open","ping_status":"open","sticky":false,"template":"","format":"standard","meta":{"_acf_changed":false,"jetpack_post_was_ever_published":false,"_jetpack_newsletter_access":"","_jetpack_dont_email_post_to_subs":false,"_jetpack_newsletter_tier_id":0,"_jetpack_memberships_contains_paywalled_content":false,"_jetpack_memberships_contains_paid_content":false,"footnotes":"","jetpack_publicize_message":"","jetpack_publicize_feature_enabled":true,"jetpack_social_post_already_shared":true,"jetpack_social_options":{"image_generator_settings":{"template":"highway","default_image_id":0,"font":"","enabled":false},"version":2}},"categories":[10,3],"tags":[],"class_list":["post-26676","post","type-post","status-publish","format-standard","has-post-thumbnail","hentry","category-izlozbe","category-novosti"],"acf":{"facebook_opis":""},"jetpack_publicize_connections":[],"jetpack_featured_media_url":"https:\/\/i0.wp.com\/historiografija.hr\/wp-content\/uploads\/2021\/06\/life-in-limbo.jpg?fit=1024%2C836&ssl=1","jetpack_sharing_enabled":true,"jetpack-related-posts":[],"_links":{"self":[{"href":"https:\/\/historiografija.hr\/index.php?rest_route=\/wp\/v2\/posts\/26676","targetHints":{"allow":["GET"]}}],"collection":[{"href":"https:\/\/historiografija.hr\/index.php?rest_route=\/wp\/v2\/posts"}],"about":[{"href":"https:\/\/historiografija.hr\/index.php?rest_route=\/wp\/v2\/types\/post"}],"author":[{"embeddable":true,"href":"https:\/\/historiografija.hr\/index.php?rest_route=\/wp\/v2\/users\/2"}],"replies":[{"embeddable":true,"href":"https:\/\/historiografija.hr\/index.php?rest_route=%2Fwp%2Fv2%2Fcomments&post=26676"}],"version-history":[{"count":1,"href":"https:\/\/historiografija.hr\/index.php?rest_route=\/wp\/v2\/posts\/26676\/revisions"}],"predecessor-version":[{"id":26678,"href":"https:\/\/historiografija.hr\/index.php?rest_route=\/wp\/v2\/posts\/26676\/revisions\/26678"}],"wp:featuredmedia":[{"embeddable":true,"href":"https:\/\/historiografija.hr\/index.php?rest_route=\/wp\/v2\/media\/26677"}],"wp:attachment":[{"href":"https:\/\/historiografija.hr\/index.php?rest_route=%2Fwp%2Fv2%2Fmedia&parent=26676"}],"wp:term":[{"taxonomy":"category","embeddable":true,"href":"https:\/\/historiografija.hr\/index.php?rest_route=%2Fwp%2Fv2%2Fcategories&post=26676"},{"taxonomy":"post_tag","embeddable":true,"href":"https:\/\/historiografija.hr\/index.php?rest_route=%2Fwp%2Fv2%2Ftags&post=26676"}],"curies":[{"name":"wp","href":"https:\/\/api.w.org\/{rel}","templated":true}]}}