{"id":26670,"date":"2021-06-16T22:23:32","date_gmt":"2021-06-16T22:23:32","guid":{"rendered":"http:\/\/historiografija.hr\/?p=26670"},"modified":"2021-06-16T22:23:32","modified_gmt":"2021-06-16T22:23:32","slug":"pablo-neruda-priznajem-da-sam-zivio","status":"publish","type":"post","link":"https:\/\/historiografija.hr\/?p=26670","title":{"rendered":"Pablo Neruda, \u201cPriznajem da sam \u017eivio\u201d"},"content":{"rendered":"\n<p>Godinama su \u010ditatelji diljem svijeta u\u017eivali u opojnim stihovima Pabla Nerude i on je, \u017eele\u0107i im postati jo\u0161 bliskijim, cijeli \u017eivot prikupljao misli i sje\u0107anja, zanimljive anegdote i okolnosti koje su ga inspirirale kako bi ih objedinio u dirljivim memoarima <em>Priznajem da sam \u017eivio<\/em> (1974.)<\/p>\n\n\n\n<p>Knjiga je to koju je Neruda pisao gotovo do posljednjeg dana svojeg \u017eivota \u2013 zaokru\u017euje njegova iskustva od ranog djetinjstva do smrti. Osebujan leksik i nagla\u0161enu ekspresivnost iz svoje je poezije prenio u ovo izuzetno prozno djelo.<\/p>\n\n\n\n<p>Nemogu\u0107e je ostati suzdr\u017ean \u010ditaju\u0107i emotivna sje\u0107anja na \u017eivot \u010dileanskog pjesnika, buntovne studentske godine u Santiagu, politi\u010dku karijeru, mu\u010dan boravak u \u0160panjolskoj tijekom gra\u0111anskog rata, smrt dragog prijatelja, izgnanstvo iz domovine \u2013 sve ga je to oblikovalo kao \u010dovjeka, domoljuba i umjetnika.<\/p>\n\n\n\n<p>Kroz prizmu va\u017enih doga\u0111aja tog vremena izla\u017ee i svoje vi\u0111enje umjetnosti i poezije, argumentirano brani svoje politi\u010dke stavove i protestira protiv sukoba i ratova ozloje\u0111en pogibijom nevinih. Vjerno i slikovito prikazuje duh dvadesetog stolje\u0107a i odgonetava kako su nastale mnoge njegove pjesme.<\/p>\n\n\n\n<p>S ljubavlju se sje\u0107a svojih dragih prijatelja, velikih imena knji\u017eevnosti i umjetnosti kao \u0161to su Federico Garc<em>\u00ed<\/em>a Lorca, Louis Aragon, Pablo Picasso i mnogi drugi, prepri\u010davaju\u0107i brojne zajedni\u010dke zgode. Prisje\u0107a se i mnogih politi\u010dara i va\u017enih aktera povijesti 20. stolje\u0107a koje je susreo tijekom \u017eivota iznose\u0107i svoje, katkad i kontroverzno, mi\u0161ljenje o njima.<\/p>\n\n\n\n<p>Djelo zavr\u0161ava ogor\u010denim osvrtom na krvavi dr\u017eavni udar 1973. i bolnim sje\u0107anjem na svojeg prijatelja, predsjednika Salvadora Allendea, koji je zbog dr\u017eavnih nemira izgubio \u017eivot.<\/p>\n\n\n\n<p>Bogati, inspirativni memoari prekinuti su Nerudinom smr\u0107u samo dvanaest dana poslije.<\/p>\n\n\n\n<p>Ovo je izdanje dopunjeno brojnim novim zapisima prona\u0111enim u Nerudinoj ostav\u0161tini.<\/p>\n\n\n\n<p>Knjigu je sa \u0161panjolskog prevela \u017deljka Lovren\u010di\u0107.\u00a0<\/p>\n\n\n\n<hr class=\"wp-block-separator\"\/>\n\n\n\n<p>Izvor: <a href=\"https:\/\/irisillyrica.com\/knjiga\/priznajem-da-sam-zivio-56\">https:\/\/irisillyrica.com\/knjiga\/priznajem-da-sam-zivio-56<\/a><\/p>\n\n\n\n<hr class=\"wp-block-separator\"\/>\n","protected":false},"excerpt":{"rendered":"","protected":false},"author":2,"featured_media":26671,"comment_status":"open","ping_status":"open","sticky":false,"template":"","format":"standard","meta":{"_acf_changed":false,"jetpack_post_was_ever_published":false,"_jetpack_newsletter_access":"","_jetpack_dont_email_post_to_subs":false,"_jetpack_newsletter_tier_id":0,"_jetpack_memberships_contains_paywalled_content":false,"_jetpack_memberships_contains_paid_content":false,"footnotes":"","jetpack_publicize_message":"","jetpack_publicize_feature_enabled":true,"jetpack_social_post_already_shared":true,"jetpack_social_options":{"image_generator_settings":{"template":"highway","default_image_id":0,"font":"","enabled":false},"version":2}},"categories":[8,3,12],"tags":[],"class_list":["post-26670","post","type-post","status-publish","format-standard","has-post-thumbnail","hentry","category-knjige","category-novosti","category-knjizevnost"],"acf":{"facebook_opis":""},"jetpack_publicize_connections":[],"jetpack_featured_media_url":"https:\/\/i0.wp.com\/historiografija.hr\/wp-content\/uploads\/2021\/06\/priznajem-da-sam-zivio-scaled.jpg?fit=1797%2C2560&ssl=1","jetpack_sharing_enabled":true,"jetpack-related-posts":[],"_links":{"self":[{"href":"https:\/\/historiografija.hr\/index.php?rest_route=\/wp\/v2\/posts\/26670","targetHints":{"allow":["GET"]}}],"collection":[{"href":"https:\/\/historiografija.hr\/index.php?rest_route=\/wp\/v2\/posts"}],"about":[{"href":"https:\/\/historiografija.hr\/index.php?rest_route=\/wp\/v2\/types\/post"}],"author":[{"embeddable":true,"href":"https:\/\/historiografija.hr\/index.php?rest_route=\/wp\/v2\/users\/2"}],"replies":[{"embeddable":true,"href":"https:\/\/historiografija.hr\/index.php?rest_route=%2Fwp%2Fv2%2Fcomments&post=26670"}],"version-history":[{"count":1,"href":"https:\/\/historiografija.hr\/index.php?rest_route=\/wp\/v2\/posts\/26670\/revisions"}],"predecessor-version":[{"id":26672,"href":"https:\/\/historiografija.hr\/index.php?rest_route=\/wp\/v2\/posts\/26670\/revisions\/26672"}],"wp:featuredmedia":[{"embeddable":true,"href":"https:\/\/historiografija.hr\/index.php?rest_route=\/wp\/v2\/media\/26671"}],"wp:attachment":[{"href":"https:\/\/historiografija.hr\/index.php?rest_route=%2Fwp%2Fv2%2Fmedia&parent=26670"}],"wp:term":[{"taxonomy":"category","embeddable":true,"href":"https:\/\/historiografija.hr\/index.php?rest_route=%2Fwp%2Fv2%2Fcategories&post=26670"},{"taxonomy":"post_tag","embeddable":true,"href":"https:\/\/historiografija.hr\/index.php?rest_route=%2Fwp%2Fv2%2Ftags&post=26670"}],"curies":[{"name":"wp","href":"https:\/\/api.w.org\/{rel}","templated":true}]}}