{"id":26659,"date":"2021-06-15T22:31:51","date_gmt":"2021-06-15T22:31:51","guid":{"rendered":"http:\/\/historiografija.hr\/?p=26659"},"modified":"2021-06-15T22:31:51","modified_gmt":"2021-06-15T22:31:51","slug":"izlozba-hrvatsko-proljece-1971-2021","status":"publish","type":"post","link":"https:\/\/historiografija.hr\/?p=26659","title":{"rendered":"Izlo\u017eba \u201cHrvatsko prolje\u0107e 1971. \u2013 2021.\u201d"},"content":{"rendered":"\n<p>U godini obilje\u017eavanja pedesete obljetnice Hrvatskoga prolje\u0107a u utorak, 15. lipnja 2021. u Francuskom paviljonu Studentskog centra u Zagrebu sve\u010dano je otvorena izlo\u017eba \u201cHrvatsko prolje\u0107e 1971. \u2013 2021.\u201d nastala u suradnji Hrvatskog dr\u017eavnog arhiva i Matice hrvatske.<\/p>\n\n\n\n<hr class=\"wp-block-separator\"\/>\n\n\n\n<p>Izvori i dodatne informacije:<\/p>\n\n\n\n<p><a href=\"http:\/\/www.arhiv.hr\/hr-hr\/Izlozbe-i-dogadjanja\/ArticleId\/1469\/oamid\/1633\">http:\/\/www.arhiv.hr\/hr-hr\/Izlozbe-i-dogadjanja\/ArticleId\/1469\/oamid\/1633<\/a><\/p>\n\n\n\n<p><a href=\"https:\/\/www.jutarnji.hr\/vijesti\/hrvatska\/drazen-budisa-o-1971-nisu-mi-dali-na-brijune-da-moja-stopala-ne-nagrde-sveto-tlo-15081257\">https:\/\/www.jutarnji.hr\/vijesti\/hrvatska\/drazen-budisa-o-1971-nisu-mi-dali-na-brijune-da-moja-stopala-ne-nagrde-sveto-tlo-15081257<\/a><\/p>\n\n\n\n<p><a href=\"https:\/\/www.vecernji.hr\/zagreb\/budisa-po-mene-su-dosla-dvojica-s-automatima-bio-sam-siguran-da-me-vode-na-streljanje-1500858\">https:\/\/www.vecernji.hr\/zagreb\/budisa-po-mene-su-dosla-dvojica-s-automatima-bio-sam-siguran-da-me-vode-na-streljanje-1500858<\/a><\/p>\n\n\n\n<hr class=\"wp-block-separator\"\/>\n","protected":false},"excerpt":{"rendered":"","protected":false},"author":2,"featured_media":26660,"comment_status":"open","ping_status":"open","sticky":false,"template":"","format":"standard","meta":{"_acf_changed":false,"jetpack_post_was_ever_published":false,"_jetpack_newsletter_access":"","_jetpack_dont_email_post_to_subs":false,"_jetpack_newsletter_tier_id":0,"_jetpack_memberships_contains_paywalled_content":false,"_jetpack_memberships_contains_paid_content":false,"footnotes":"","jetpack_publicize_message":"","jetpack_publicize_feature_enabled":true,"jetpack_social_post_already_shared":true,"jetpack_social_options":{"image_generator_settings":{"template":"highway","default_image_id":0,"font":"","enabled":false},"version":2}},"categories":[10,3],"tags":[],"class_list":["post-26659","post","type-post","status-publish","format-standard","has-post-thumbnail","hentry","category-izlozbe","category-novosti"],"acf":{"facebook_opis":""},"jetpack_publicize_connections":[],"jetpack_featured_media_url":"https:\/\/i0.wp.com\/historiografija.hr\/wp-content\/uploads\/2021\/06\/POZIVNICA-1971-2021.jpg?fit=1090%2C539&ssl=1","jetpack_sharing_enabled":true,"jetpack-related-posts":[],"_links":{"self":[{"href":"https:\/\/historiografija.hr\/index.php?rest_route=\/wp\/v2\/posts\/26659","targetHints":{"allow":["GET"]}}],"collection":[{"href":"https:\/\/historiografija.hr\/index.php?rest_route=\/wp\/v2\/posts"}],"about":[{"href":"https:\/\/historiografija.hr\/index.php?rest_route=\/wp\/v2\/types\/post"}],"author":[{"embeddable":true,"href":"https:\/\/historiografija.hr\/index.php?rest_route=\/wp\/v2\/users\/2"}],"replies":[{"embeddable":true,"href":"https:\/\/historiografija.hr\/index.php?rest_route=%2Fwp%2Fv2%2Fcomments&post=26659"}],"version-history":[{"count":1,"href":"https:\/\/historiografija.hr\/index.php?rest_route=\/wp\/v2\/posts\/26659\/revisions"}],"predecessor-version":[{"id":26661,"href":"https:\/\/historiografija.hr\/index.php?rest_route=\/wp\/v2\/posts\/26659\/revisions\/26661"}],"wp:featuredmedia":[{"embeddable":true,"href":"https:\/\/historiografija.hr\/index.php?rest_route=\/wp\/v2\/media\/26660"}],"wp:attachment":[{"href":"https:\/\/historiografija.hr\/index.php?rest_route=%2Fwp%2Fv2%2Fmedia&parent=26659"}],"wp:term":[{"taxonomy":"category","embeddable":true,"href":"https:\/\/historiografija.hr\/index.php?rest_route=%2Fwp%2Fv2%2Fcategories&post=26659"},{"taxonomy":"post_tag","embeddable":true,"href":"https:\/\/historiografija.hr\/index.php?rest_route=%2Fwp%2Fv2%2Ftags&post=26659"}],"curies":[{"name":"wp","href":"https:\/\/api.w.org\/{rel}","templated":true}]}}