{"id":26630,"date":"2021-06-11T23:26:17","date_gmt":"2021-06-11T23:26:17","guid":{"rendered":"http:\/\/historiografija.hr\/?p=26630"},"modified":"2021-06-11T23:33:12","modified_gmt":"2021-06-11T23:33:12","slug":"veranstaltungsreihe-1991-2021-30-jahre-nach-dem-zerfall-jugoslawiens","status":"publish","type":"post","link":"https:\/\/historiografija.hr\/?p=26630","title":{"rendered":"Veranstaltungsreihe \u201e1991\u20132021: 30 Jahre nach dem Zerfall Jugoslawiens\u201c"},"content":{"rendered":"\n<p>Serija online doga\u0111anja koja \u0107e se povodom 30. godina od raspada Jugoslavije odr\u017eati u lipnju i srpnju, zapo\u010dinje 15. lipnja gostovanjem Sa\u0161e Stani\u0161i\u0107a koji \u0107e \u010ditati dijelove svoje nagra\u0111ivane knjige \u201eHerkunft\u201c koja je 2020. godine pod naslovom \u201ePorijeklo\u201c prevedena i na hrvatski. Op\u0161irnije u nastavku.<\/p>\n\n\n\n<hr class=\"wp-block-separator\"\/>\n\n\n\n<p><strong>Veranstaltungsreihe \u201e1991\u20132021: 30 Jahre nach dem Zerfall Jugoslawiens\u201c<\/strong><\/p>\n\n\n\n<p>Vor 30 Jahren, im Sommer 1991, brach Krieg aus in Jugoslawien. Der Zerfall des Staates m\u00fcndete in einen gewaltsamen Konflikt, der bis 1999 dauern sollte, mit weit \u00fcber 100 000 Toten und mehreren Millionen Vertriebenen und Gefl\u00fcchteten, die nicht zuletzt in Deutschland eine neue Heimat suchten. Bis heute bleibt die Vergangenheit umstritten: In den sieben Nachfolgestaaten und dessen Gesellschaften gibt es wenig Konsens bei der Erinnerung an den Krieg, aber auch an das sozialistische Jugoslawien.<\/p>\n\n\n\n<p>Die Veranstaltungsreihe \u201e1991\u20132021: 30 Jahre nach dem Zerfall Jugoslawiens\u201c blickt auf die Ereignisse und ihre Folgen zur\u00fcck \u2013 aus Perspektive von Wissenschaft, Kultur oder Akteuren der Vergangenheitsbew\u00e4ltigung. Dabei sollen nicht nur die Gr\u00fcnde des Staatszerfalls und des Kriegs beleuchtet werden. Genauso geht es um Gegenwart und Zukunftsaussichten der Menschen in jenem Raum, der einst zu einem Staat geh\u00f6rte und den trotz der Traumata der 1990er Jahre noch viel verbindet.<\/p>\n\n\n\n<p>Die Reihe findet online statt, der Zugang ist kostenlos; teilweise ist eine Anmeldung n\u00f6tig. Veranstalter sind das <a href=\"https:\/\/ios-regensburg.de\/\" target=\"_blank\" rel=\"noreferrer noopener\">Leibniz-Institut f\u00fcr Ost- und S\u00fcdosteuropaforschung<\/a> (IOS) Regensburg und die <a href=\"https:\/\/www.sogde.org\/\" target=\"_blank\" rel=\"noreferrer noopener\">S\u00fcdosteuropa-Gesellschaft<\/a>, Zweigstelle Regensburg. Kooperation und weitere Unterst\u00fctzung: <a href=\"https:\/\/www.gsoses-ur.de\/\" target=\"_blank\" rel=\"noreferrer noopener\">Graduiertenschule f\u00fcr Ost- und S\u00fcdosteuropastudien<\/a>, <a href=\"https:\/\/www.uni-regensburg.de\/philosophie-kunst-geschichte-gesellschaft\/geschichte-suedost-osteuropa\/fachschaft\/index.html\" target=\"_blank\" rel=\"noreferrer noopener\">S\u00fcdOst-Fachschaft an der Universit\u00e4t Regensburg<\/a>, <a href=\"https:\/\/www.auswaertiges-amt.de\/de\/\" target=\"_blank\" rel=\"noreferrer noopener\">Ausw\u00e4rtiges Amt<\/a>.<\/p>\n\n\n\n<p><strong>\u00dcbersicht:<\/strong><\/p>\n\n\n\n<ul class=\"wp-block-list\"><li><a href=\"https:\/\/ostblog.hypotheses.org\/1952#Stanisic\">15. Juni: Sa\u0161a Stani\u0161i\u0107 liest aus seinem Buch \u201eHerkunft\u201c<\/a><\/li><li><a href=\"https:\/\/ostblog.hypotheses.org\/1952#Ballaballa-Balkan\">23. Juni : Im Gespr\u00e4ch mit Danijel Maji\u0107 und Krsto Lazarevi\u0107, den Machern des Podcasts \u201eBallaballa-Balkan\u201c<\/a><\/li><li><a href=\"https:\/\/ostblog.hypotheses.org\/1952#RECOM\">28. Juni: Remembering Yugoslavia\u2019s Wars: Reflections on the RECOM Network<\/a><\/li><li><a href=\"https:\/\/ostblog.hypotheses.org\/1952#Lessons\">30. Juni: The Lessons of Yugoslavia\u2019s Dissolution<\/a><\/li><li><a href=\"https:\/\/ostblog.hypotheses.org\/1952#medica\">8. Juli: \u201emedica mondiale\u201c im Gespr\u00e4ch \u00fcber Frauenrechte in Bosnien-Herzegowina und Kosovo<\/a><\/li><\/ul>\n\n\n\n<hr class=\"wp-block-separator\"\/>\n\n\n\n<figure class=\"wp-block-embed-wordpress wp-block-embed is-type-wp-embed is-provider-ostblog\"><div class=\"wp-block-embed__wrapper\">\n<blockquote class=\"wp-embedded-content\" data-secret=\"nxws9kLbB4\"><a href=\"https:\/\/ostblog.hypotheses.org\/1952\">Veranstaltungsreihe \u201e1991\u20132021: 30 Jahre nach dem Zerfall Jugoslawiens\u201c<\/a><\/blockquote><iframe loading=\"lazy\" class=\"wp-embedded-content\" sandbox=\"allow-scripts\" security=\"restricted\" style=\"position: absolute; clip: rect(1px, 1px, 1px, 1px);\" title=\"&#8222;Veranstaltungsreihe \u201e1991\u20132021: 30 Jahre nach dem Zerfall Jugoslawiens\u201c&#8220; &#8212; ostBLOG\" src=\"https:\/\/ostblog.hypotheses.org\/1952\/embed#?secret=nxws9kLbB4\" data-secret=\"nxws9kLbB4\" width=\"600\" height=\"338\" frameborder=\"0\" marginwidth=\"0\" marginheight=\"0\" scrolling=\"no\"><\/iframe>\n<\/div><\/figure>\n\n\n\n<hr class=\"wp-block-separator\"\/>\n\n\n\n<p><strong>Sa\u0161a Stani\u0161i\u0107 liest aus seinem Buch \u201eHerkunft\u201c<\/strong><\/p>\n\n\n\n<p><a href=\"https:\/\/www.ios-regensburg.de\/aktuelles-details\/2021\/06\/sasa-stanisic-liest-aus-seinem-buch-herkunft.html\">https:\/\/www.ios-regensburg.de\/aktuelles-details\/2021\/06\/sasa-stanisic-liest-aus-seinem-buch-herkunft.html<\/a><\/p>\n\n\n\n<figure class=\"wp-block-embed-wordpress wp-block-embed is-type-wp-embed is-provider-ostblog\"><div class=\"wp-block-embed__wrapper\">\n<blockquote class=\"wp-embedded-content\" data-secret=\"fHVR8hgFrj\"><a href=\"https:\/\/ostblog.hypotheses.org\/1952\">Veranstaltungsreihe \u201e1991\u20132021: 30 Jahre nach dem Zerfall Jugoslawiens\u201c<\/a><\/blockquote><iframe loading=\"lazy\" class=\"wp-embedded-content\" sandbox=\"allow-scripts\" security=\"restricted\" style=\"position: absolute; clip: rect(1px, 1px, 1px, 1px);\" title=\"&#8222;Veranstaltungsreihe \u201e1991\u20132021: 30 Jahre nach dem Zerfall Jugoslawiens\u201c&#8220; &#8212; ostBLOG\" src=\"https:\/\/ostblog.hypotheses.org\/1952\/embed#?secret=fHVR8hgFrj\" data-secret=\"fHVR8hgFrj\" width=\"600\" height=\"338\" frameborder=\"0\" marginwidth=\"0\" marginheight=\"0\" scrolling=\"no\"><\/iframe>\n<\/div><\/figure>\n\n\n\n<hr class=\"wp-block-separator\"\/>\n\n\n\n<figure class=\"wp-block-embed-wordpress wp-block-embed is-type-wp-embed is-provider-historiografija-hr\"><div class=\"wp-block-embed__wrapper\">\n<blockquote class=\"wp-embedded-content\" data-secret=\"g8pgmLP4Rb\"><a href=\"https:\/\/historiografija.hr\/?p=24088\">Sa\u0161a Stani\u0161i\u0107, \u201cPorijeklo\u201d<\/a><\/blockquote><iframe loading=\"lazy\" class=\"wp-embedded-content\" sandbox=\"allow-scripts\" security=\"restricted\" style=\"position: absolute; clip: rect(1px, 1px, 1px, 1px);\" title=\"&#8220;Sa\u0161a Stani\u0161i\u0107, \u201cPorijeklo\u201d&#8221; &#8212; Historiografija.hr\" src=\"https:\/\/historiografija.hr\/?p=24088&#038;embed=true#?secret=g8pgmLP4Rb\" data-secret=\"g8pgmLP4Rb\" width=\"600\" height=\"338\" frameborder=\"0\" marginwidth=\"0\" marginheight=\"0\" scrolling=\"no\"><\/iframe>\n<\/div><\/figure>\n\n\n\n<hr class=\"wp-block-separator\"\/>\n","protected":false},"excerpt":{"rendered":"","protected":false},"author":2,"featured_media":26631,"comment_status":"open","ping_status":"open","sticky":false,"template":"","format":"standard","meta":{"_acf_changed":false,"jetpack_post_was_ever_published":false,"_jetpack_newsletter_access":"","_jetpack_dont_email_post_to_subs":false,"_jetpack_newsletter_tier_id":0,"_jetpack_memberships_contains_paywalled_content":false,"_jetpack_memberships_contains_paid_content":false,"footnotes":"","jetpack_publicize_message":"","jetpack_publicize_feature_enabled":true,"jetpack_social_post_already_shared":true,"jetpack_social_options":{"image_generator_settings":{"template":"highway","default_image_id":0,"font":"","enabled":false},"version":2}},"categories":[3],"tags":[],"class_list":["post-26630","post","type-post","status-publish","format-standard","has-post-thumbnail","hentry","category-novosti"],"acf":{"facebook_opis":""},"jetpack_publicize_connections":[],"jetpack_featured_media_url":"https:\/\/i0.wp.com\/historiografija.hr\/wp-content\/uploads\/2021\/06\/IOS_Programm.jpg?fit=1024%2C512&ssl=1","jetpack_sharing_enabled":true,"jetpack-related-posts":[],"_links":{"self":[{"href":"https:\/\/historiografija.hr\/index.php?rest_route=\/wp\/v2\/posts\/26630","targetHints":{"allow":["GET"]}}],"collection":[{"href":"https:\/\/historiografija.hr\/index.php?rest_route=\/wp\/v2\/posts"}],"about":[{"href":"https:\/\/historiografija.hr\/index.php?rest_route=\/wp\/v2\/types\/post"}],"author":[{"embeddable":true,"href":"https:\/\/historiografija.hr\/index.php?rest_route=\/wp\/v2\/users\/2"}],"replies":[{"embeddable":true,"href":"https:\/\/historiografija.hr\/index.php?rest_route=%2Fwp%2Fv2%2Fcomments&post=26630"}],"version-history":[{"count":2,"href":"https:\/\/historiografija.hr\/index.php?rest_route=\/wp\/v2\/posts\/26630\/revisions"}],"predecessor-version":[{"id":26637,"href":"https:\/\/historiografija.hr\/index.php?rest_route=\/wp\/v2\/posts\/26630\/revisions\/26637"}],"wp:featuredmedia":[{"embeddable":true,"href":"https:\/\/historiografija.hr\/index.php?rest_route=\/wp\/v2\/media\/26631"}],"wp:attachment":[{"href":"https:\/\/historiografija.hr\/index.php?rest_route=%2Fwp%2Fv2%2Fmedia&parent=26630"}],"wp:term":[{"taxonomy":"category","embeddable":true,"href":"https:\/\/historiografija.hr\/index.php?rest_route=%2Fwp%2Fv2%2Fcategories&post=26630"},{"taxonomy":"post_tag","embeddable":true,"href":"https:\/\/historiografija.hr\/index.php?rest_route=%2Fwp%2Fv2%2Ftags&post=26630"}],"curies":[{"name":"wp","href":"https:\/\/api.w.org\/{rel}","templated":true}]}}