{"id":26627,"date":"2021-06-11T23:09:48","date_gmt":"2021-06-11T23:09:48","guid":{"rendered":"http:\/\/historiografija.hr\/?p=26627"},"modified":"2021-06-11T23:09:48","modified_gmt":"2021-06-11T23:09:48","slug":"hrvatsko-proljece-znanstveni-skup-u-povodu-50-obljetnice","status":"publish","type":"post","link":"https:\/\/historiografija.hr\/?p=26627","title":{"rendered":"Hrvatsko prolje\u0107e. Znanstveni skup u povodu 50. obljetnice"},"content":{"rendered":"\n<p>Hrvatsko prolje\u0107e. Znanstveni skup u povodu 50. obljetnice odr\u017eat \u0107e se u Matici hrvatskoj u Zagrebu 16. i 17. lipnja 2021. godine. Vi\u0161e u prilogu.<\/p>\n\n\n\n<hr class=\"wp-block-separator\"\/>\n\n\n\n<p>Program:<\/p>\n\n\n\n<p><a href=\"http:\/\/www.isp.hr\/wp-content\/uploads\/Program-Hrvatsko-proljece_web.pdf\">http:\/\/www.isp.hr\/wp-content\/uploads\/Program-Hrvatsko-proljece_web.pdf<\/a><\/p>\n\n\n\n<hr class=\"wp-block-separator\"\/>\n\n\n\n<p>Izvor:<\/p>\n\n\n\n<p><a href=\"https:\/\/www.isp.hr\/16-i-17-6-znanstveni-skup-u-povodu-50-obljetnice-hrvatskog-proljeca-odrzat-ce-se-u-dvorani-jure-petricevica-strossmayerov-trg-4-zagreb\/\">https:\/\/www.isp.hr\/16-i-17-6-znanstveni-skup-u-povodu-50-obljetnice-hrvatskog-proljeca-odrzat-ce-se-u-dvorani-jure-petricevica-strossmayerov-trg-4-zagreb\/<\/a><\/p>\n\n\n\n<hr class=\"wp-block-separator\"\/>\n","protected":false},"excerpt":{"rendered":"","protected":false},"author":2,"featured_media":26628,"comment_status":"open","ping_status":"open","sticky":false,"template":"","format":"standard","meta":{"_acf_changed":false,"jetpack_post_was_ever_published":false,"_jetpack_newsletter_access":"","_jetpack_dont_email_post_to_subs":false,"_jetpack_newsletter_tier_id":0,"_jetpack_memberships_contains_paywalled_content":false,"_jetpack_memberships_contains_paid_content":false,"footnotes":"","jetpack_publicize_message":"","jetpack_publicize_feature_enabled":true,"jetpack_social_post_already_shared":true,"jetpack_social_options":{"image_generator_settings":{"template":"highway","default_image_id":0,"font":"","enabled":false},"version":2}},"categories":[3,9],"tags":[],"class_list":["post-26627","post","type-post","status-publish","format-standard","has-post-thumbnail","hentry","category-novosti","category-skupovi"],"acf":{"facebook_opis":""},"jetpack_publicize_connections":[],"jetpack_featured_media_url":"https:\/\/i0.wp.com\/historiografija.hr\/wp-content\/uploads\/2021\/06\/Skup-proljece.jpg?fit=678%2C898&ssl=1","jetpack_sharing_enabled":true,"jetpack-related-posts":[],"_links":{"self":[{"href":"https:\/\/historiografija.hr\/index.php?rest_route=\/wp\/v2\/posts\/26627","targetHints":{"allow":["GET"]}}],"collection":[{"href":"https:\/\/historiografija.hr\/index.php?rest_route=\/wp\/v2\/posts"}],"about":[{"href":"https:\/\/historiografija.hr\/index.php?rest_route=\/wp\/v2\/types\/post"}],"author":[{"embeddable":true,"href":"https:\/\/historiografija.hr\/index.php?rest_route=\/wp\/v2\/users\/2"}],"replies":[{"embeddable":true,"href":"https:\/\/historiografija.hr\/index.php?rest_route=%2Fwp%2Fv2%2Fcomments&post=26627"}],"version-history":[{"count":1,"href":"https:\/\/historiografija.hr\/index.php?rest_route=\/wp\/v2\/posts\/26627\/revisions"}],"predecessor-version":[{"id":26629,"href":"https:\/\/historiografija.hr\/index.php?rest_route=\/wp\/v2\/posts\/26627\/revisions\/26629"}],"wp:featuredmedia":[{"embeddable":true,"href":"https:\/\/historiografija.hr\/index.php?rest_route=\/wp\/v2\/media\/26628"}],"wp:attachment":[{"href":"https:\/\/historiografija.hr\/index.php?rest_route=%2Fwp%2Fv2%2Fmedia&parent=26627"}],"wp:term":[{"taxonomy":"category","embeddable":true,"href":"https:\/\/historiografija.hr\/index.php?rest_route=%2Fwp%2Fv2%2Fcategories&post=26627"},{"taxonomy":"post_tag","embeddable":true,"href":"https:\/\/historiografija.hr\/index.php?rest_route=%2Fwp%2Fv2%2Ftags&post=26627"}],"curies":[{"name":"wp","href":"https:\/\/api.w.org\/{rel}","templated":true}]}}