{"id":26620,"date":"2021-06-11T22:31:42","date_gmt":"2021-06-11T22:31:42","guid":{"rendered":"http:\/\/historiografija.hr\/?p=26620"},"modified":"2021-06-11T22:31:42","modified_gmt":"2021-06-11T22:31:42","slug":"zbornik-radova-istorija-i-interpretacija-tumaci-i-tumacenja-vojvodanske-proslosti","status":"publish","type":"post","link":"https:\/\/historiografija.hr\/?p=26620","title":{"rendered":"Zbornik radova \u201cIstorija i interpretacija: tuma\u010di i tuma\u010denja vojvo\u0111anske pro\u0161losti\u201d"},"content":{"rendered":"\n<p>U izdanju Filozofskog fakulteta u Novom Sadu objavljen je 2020. godine zbornik radova \u201cIstorija i interpretacija: tuma\u010di i tuma\u010denja vojvo\u0111anske pro\u0161losti\u201d koji je uredio Momir Samard\u017ei\u0107. Rije\u010d je o svojevrsnom nastavku zbornika \u201cKultura se\u0107anja na vojvo\u0111anskom prostoru\u201d objavljenom 2017. godine. Oba zbornika radova dostupna su i u online izdanju.<\/p>\n\n\n\n<hr class=\"wp-block-separator\"\/>\n\n\n\n<p><strong>Istorija i interpretacija: tuma\u010di i tuma\u010denja vojvo\u0111anske pro\u0161losti<\/strong><\/p>\n\n\n\n<p><a href=\"http:\/\/digitalna.ff.uns.ac.rs\/sadrzaj\/2020\/978-86-6065-589-1\">http:\/\/digitalna.ff.uns.ac.rs\/sadrzaj\/2020\/978-86-6065-589-1<\/a><\/p>\n\n\n\n<hr class=\"wp-block-separator\"\/>\n\n\n\n<p><strong>Kultura se\u0107anja na vojvo\u0111anskom prostoru<\/strong><\/p>\n\n\n\n<p><a href=\"http:\/\/digitalna.ff.uns.ac.rs\/sadrzaj\/2017\/978-86-6065-431-3\">http:\/\/digitalna.ff.uns.ac.rs\/sadrzaj\/2017\/978-86-6065-431-3<\/a><\/p>\n\n\n\n<hr class=\"wp-block-separator\"\/>\n","protected":false},"excerpt":{"rendered":"","protected":false},"author":2,"featured_media":26621,"comment_status":"open","ping_status":"open","sticky":false,"template":"","format":"standard","meta":{"_acf_changed":false,"jetpack_post_was_ever_published":false,"_jetpack_newsletter_access":"","_jetpack_dont_email_post_to_subs":false,"_jetpack_newsletter_tier_id":0,"_jetpack_memberships_contains_paywalled_content":false,"_jetpack_memberships_contains_paid_content":false,"footnotes":"","jetpack_publicize_message":"","jetpack_publicize_feature_enabled":true,"jetpack_social_post_already_shared":true,"jetpack_social_options":{"image_generator_settings":{"template":"highway","default_image_id":0,"font":"","enabled":false},"version":2}},"categories":[19,8,3],"tags":[],"class_list":["post-26620","post","type-post","status-publish","format-standard","has-post-thumbnail","hentry","category-e-knjige","category-knjige","category-novosti"],"acf":{"facebook_opis":""},"jetpack_publicize_connections":[],"jetpack_featured_media_url":"https:\/\/i0.wp.com\/historiografija.hr\/wp-content\/uploads\/2021\/06\/Istorija.png?fit=561%2C800&ssl=1","jetpack_sharing_enabled":true,"jetpack-related-posts":[],"_links":{"self":[{"href":"https:\/\/historiografija.hr\/index.php?rest_route=\/wp\/v2\/posts\/26620","targetHints":{"allow":["GET"]}}],"collection":[{"href":"https:\/\/historiografija.hr\/index.php?rest_route=\/wp\/v2\/posts"}],"about":[{"href":"https:\/\/historiografija.hr\/index.php?rest_route=\/wp\/v2\/types\/post"}],"author":[{"embeddable":true,"href":"https:\/\/historiografija.hr\/index.php?rest_route=\/wp\/v2\/users\/2"}],"replies":[{"embeddable":true,"href":"https:\/\/historiografija.hr\/index.php?rest_route=%2Fwp%2Fv2%2Fcomments&post=26620"}],"version-history":[{"count":1,"href":"https:\/\/historiografija.hr\/index.php?rest_route=\/wp\/v2\/posts\/26620\/revisions"}],"predecessor-version":[{"id":26622,"href":"https:\/\/historiografija.hr\/index.php?rest_route=\/wp\/v2\/posts\/26620\/revisions\/26622"}],"wp:featuredmedia":[{"embeddable":true,"href":"https:\/\/historiografija.hr\/index.php?rest_route=\/wp\/v2\/media\/26621"}],"wp:attachment":[{"href":"https:\/\/historiografija.hr\/index.php?rest_route=%2Fwp%2Fv2%2Fmedia&parent=26620"}],"wp:term":[{"taxonomy":"category","embeddable":true,"href":"https:\/\/historiografija.hr\/index.php?rest_route=%2Fwp%2Fv2%2Fcategories&post=26620"},{"taxonomy":"post_tag","embeddable":true,"href":"https:\/\/historiografija.hr\/index.php?rest_route=%2Fwp%2Fv2%2Ftags&post=26620"}],"curies":[{"name":"wp","href":"https:\/\/api.w.org\/{rel}","templated":true}]}}