{"id":26581,"date":"2021-06-07T16:13:05","date_gmt":"2021-06-07T16:13:05","guid":{"rendered":"http:\/\/historiografija.hr\/?p=26581"},"modified":"2021-06-07T16:13:05","modified_gmt":"2021-06-07T16:13:05","slug":"edmondo-de-amicis-carigrad-sa-predgovorom-umberta-eca","status":"publish","type":"post","link":"https:\/\/historiografija.hr\/?p=26581","title":{"rendered":"Edmondo de Amicis, &#8220;CARIGRAD&#8221; (sa predgovorom Umberta Eca)"},"content":{"rendered":"\n<p>\u201ePut u grad koji je do tog momenta bio drugi Rim, svetionik hri\u0161\u0107anske civilizacije na \u010ditavom Orijentu, a od tog trenutka simbol osmanske veli\u010danstvenosti sa bazilikama pretvorenim u d\u017eamije i sa istim onim obrisima gra\u0111evina na horizontu koji se polako korenito menjaju, svakako je sudbonosan i razumljiv za jednog zapadnjaka na hodo\u010da\u0161\u0107u. \u2026 [D]okle god je Carigrad bio glavni grad hri\u0161\u0107anskog carstva, hri\u0161\u0107anski svet na Zapadu smatrao ga je tu\u0111im, \u017eari\u0161tem propasti i jeresi, predmetom nepoverenja. Kada postaje centar muslimanskog antihrista, prevazi\u0161av\u0161i prvi \u0161ok (izme\u0111u XVI i XVII veka), malo-pomalo Carigrad postaje predmet \u017eelje, podsticaj egzoti\u010dnih ma\u0161tanja, cilj knji\u017eevnih pohoda. Dokle god je bio gotovo isti kao hri\u0161\u0107anski zapadni deo sveta, nisu ga voleli, a kada postaje potpuno druga\u010diji, postaje hram posebnosti.\u201c<\/p>\n\n\n\n<p>Umberto Eco<\/p>\n\n\n\n<p>Jutro\u0161nji prizor nestade. Onaj Carigrad, sav od svetlosti i lepote, jedan je neverovatan grad, ra\u0161trkan po beskrajnom smenjivanju bre\u017euljaka i dolina. To je lavirint ljudskih mravinjaka, grobalja, ru\u0161evina, opusto\u0161enih mesta, nikad ranije vi\u0111ena me\u0161avina civilizacije i varvarstva koja predstavlja sliku svih gradova sveta i skuplja u sebe sve prizore ljudskog \u017eivota. Od velikog grada postoji samo skelet, \u010diji je mali deo u gra\u0111evinama, a ostalo je jedna ogromna gomila da\u0161\u010dara, beskrajni azijski tabor u kome vrvi nikad prebrojano stanovni\u0161tvo, ljudi svih rasa i svih vera. Veliki je to grad u preobra\u017eavanju, sastavljen od starih gradova koji se raspadaju, od novih gradova koji su ju\u010de nikli i od drugih koji upravo nastaju. Sve je u neredu. Svuda se vide tragovi mukotrpnog rada: brda probijena, bre\u017euljci razrovani, predgra\u0111a sravnjena sa zemljom, veliki drumovi zapo\u010deti sa izgradnjom. Ru\u0161evine i ostaci su beskrajno rasuti po zemlji\u0161tu trajno izmu\u010denom ljudskom rukom. To je jedan nered, zbrka razli\u010ditih prizora, neprestani niz neo\u010dekivanih i \u010dudnih panorama da vam se pamet zavrti. Ako po\u0111ete do kraja neke otmene ulice, zatvorena je provalijom. Ako iza\u0111ete iz pozori\u0161ta, na\u0107i \u0107ete se me\u0111u grobovima. Stignete li do vrha kog brda, vide\u0107ete pod nogama \u0161umu a na brdu pred vama neki drugi grad. Predgra\u0111e kojim ste malopre pro\u0161li vidite, okrenuv\u0161i se iznenada, na dnu duboke doline, sakriveno me\u0111u drve\u0107em. A ako skrenete iza neke ku\u0107e, eto luke. Si\u0111ete li nekom ulicom, nestade grada, i nalazite se u pustom tesnacu odakle se vidi samo nebo. Naselja se iznenada pojavljuju, skrivaju se, iska\u010du neprestano nad glavom, pod nogama, iza le\u0111a, daleko i blizu, na suncu, u seni, me\u0111u \u0161umama, pored mora. Napravite li korak napred, vidite beskrajan prizor. Koraknete li natrag, ne vidite vi\u0161e ni\u0161ta. Dignete li glavu, hiljade minareta. Si\u0111ete li za pedalj, svi nestaju. Putevi, beskrajno isprepletani, vijugaju me\u0111u bre\u017euljcima, penju se na bedeme, idu tik uz ponore, prolaze ispod akvadukta, rastavljaju se na uli\u010dice, spu\u0161taju\u0107i se na stepeni\u0161ta, usred grmlja, tvr\u0111ava, ru\u0161evina, me\u0111u pesak. Na trenutak, kao da veliki grad odahne u seoskoj samo\u0107i, a onda ponovo po\u010dinje gu\u0161\u0107i, \u0161areniji, veseliji. Ovde se prostire, tamo se penje, malo dalje se obru\u0161ava, razilazi se, pa se opet skuplja, na jednom se mestu pu\u0161i i di\u017ee buku, na drugom spava, na jednoj se strani sav crveni, na drugoj je sav beo, na tre\u0107oj preovladava zlatna boja, \u010detvrta strana predstavlja brdo cve\u0107a. Elegantan grad, selo, vrt, luka, pustinja, pijaca, groblje, smenjuju se bez kraja, uzdi\u017eu\u0107i se stepenasto jedno iznad drugog, tako da se sa nekih vrhova samo jednim pogledom mogu obuhvatiti sve raznolikosti \u010ditavog predela. \u2026<\/p>\n\n\n\n<p>Od svih opisa dolazaka u Istanbul mo\u017eda je najpoeti\u010dniji opis jednog autora koji je me\u0111unarodno manje poznat od Nervala, Gautiera, Flauberta i Lottija, istanbulskih putopisaca. Re\u010d je o Edmondu de Amicisu. U Italiji su svi mladi (po\u010dev od 1886. pa sve do moje generacije) odrastali uz njegovu knjigu Srce (Cuore). Me\u0111utim, De Amicis je bio i izvrstan putopisac i to je pokazao u delu Carigrad (1877), prelepom putopisu koji mi je pravio dru\u0161tvo na mom prvom putovanju u Istanbul.<br>Umberto Eco<\/p>\n\n\n\n<p>SADR\u017dAJ<\/p>\n\n\n\n<p>Istanbul, grad sa tri imena<br>Umberto Eco<\/p>\n\n\n\n<p>DOLAZAK<\/p>\n\n\n\n<p>PET SATI KASNIJE<\/p>\n\n\n\n<p>MOST<\/p>\n\n\n\n<p>STAMBOL<br>U hotelu<br>Carigrad<\/p>\n\n\n\n<p>DU\u017d ZLATNOG ROGA<br>Galata<br>Kula Galata<br>Galatsko groblje<br>Pera<br>Veliko groblje<br>Pankaldi<br>Sveti Dimitrije<br>Tatavla<br>Kasimpa\u0161a<br>Kafana<br>Pijalepa\u0161a<br>Ok mejdan<br>Piripa\u0161a<br>Haskoj<br>Halid\u017eioglu<br>Sutlud\u017ee<br>U \u010damcu<\/p>\n\n\n\n<p>VELIKI BAZAR<\/p>\n\n\n\n<p>\u017dIVOT U CARIGRADU<br>Svetlost<br>Ptice<br>Uspomene<br>Sli\u010dnosti<br>Odevanje<br>Budu\u0107nost Carigrada<br>Psi<br>Evnusi<br>Vojska<br>Besposlica<br>No\u0107<br>\u017divot u Carigradu<br>Italijani<br>Pozori\u0161ta<br>Kuhinja<br>Muhamed<br>Ramazan<br>Stari Carigrad<br>Jermeni<br>Grci<br>Jevreji<br>Hamam<br>Kula seraskerijata<br>Carigrad<\/p>\n\n\n\n<p>SVETA SOFIJA<\/p>\n\n\n\n<p>DOLMABAH\u010cE<\/p>\n\n\n\n<p>TURKINJE<\/p>\n\n\n\n<p>YANGIN VAR!<\/p>\n\n\n\n<p>ZIDINE<\/p>\n\n\n\n<p>STARI SARAJ<\/p>\n\n\n\n<p>POSLEDNJI DANI<br>D\u017eamije<br>Cisterne<br>Skutari<br>Palata \u010ciragan<br>Ejup<br>Muzej jani\u010dara<br>Turbeti<br>Dervi\u0161i<br>\u010camlid\u017ea<\/p>\n\n\n\n<p>TURCI<\/p>\n\n\n\n<p>BOSFOR<\/p>\n\n\n\n<hr class=\"wp-block-separator\"\/>\n\n\n\n<p>Kategorija: putopisi<\/p>\n\n\n\n<p>Sa italijanskog prevela Senka Jevti\u0107<\/p>\n\n\n\n<p>Izdanje sadr\u017ei preko 60 fotografija, u koloru i crno-belih, indeks imena i toponima<\/p>\n\n\n\n<p>Broj strana: 236<\/p>\n\n\n\n<p>Godina izdanja: 2020.<\/p>\n\n\n\n<hr class=\"wp-block-separator\"\/>\n\n\n\n<p>Izvor:<\/p>\n\n\n\n<figure class=\"wp-block-embed-wordpress wp-block-embed is-type-wp-embed is-provider-karpos\"><div class=\"wp-block-embed__wrapper\">\n<blockquote class=\"wp-embedded-content\" data-secret=\"1lQ6Fm0n5u\"><a href=\"http:\/\/karposbooks.rs\/shop\/novo\/carigrad-edmondo-de-amicis-sa-predgovorom-umberta-eca\/\">CARIGRAD Edmondo de Amicis Sa predgovorom Umberta Eca<\/a><\/blockquote><iframe loading=\"lazy\" class=\"wp-embedded-content\" sandbox=\"allow-scripts\" security=\"restricted\" style=\"position: absolute; clip: rect(1px, 1px, 1px, 1px);\" title=\"&#132;CARIGRAD &lt;br&gt;Edmondo de Amicis &lt;br&gt;Sa predgovorom Umberta Eca&#147; \u2014 Karpos\" src=\"http:\/\/karposbooks.rs\/shop\/novo\/carigrad-edmondo-de-amicis-sa-predgovorom-umberta-eca\/embed\/#?secret=1lQ6Fm0n5u\" data-secret=\"1lQ6Fm0n5u\" width=\"600\" height=\"338\" frameborder=\"0\" marginwidth=\"0\" marginheight=\"0\" scrolling=\"no\"><\/iframe>\n<\/div><\/figure>\n\n\n\n<hr class=\"wp-block-separator\"\/>\n","protected":false},"excerpt":{"rendered":"","protected":false},"author":2,"featured_media":26582,"comment_status":"open","ping_status":"open","sticky":false,"template":"","format":"standard","meta":{"_acf_changed":false,"jetpack_post_was_ever_published":false,"_jetpack_newsletter_access":"","_jetpack_dont_email_post_to_subs":false,"_jetpack_newsletter_tier_id":0,"_jetpack_memberships_contains_paywalled_content":false,"_jetpack_memberships_contains_paid_content":false,"footnotes":"","jetpack_publicize_message":"","jetpack_publicize_feature_enabled":true,"jetpack_social_post_already_shared":true,"jetpack_social_options":{"image_generator_settings":{"template":"highway","default_image_id":0,"font":"","enabled":false},"version":2}},"categories":[8,3,12],"tags":[],"class_list":["post-26581","post","type-post","status-publish","format-standard","has-post-thumbnail","hentry","category-knjige","category-novosti","category-knjizevnost"],"acf":{"facebook_opis":""},"jetpack_publicize_connections":[],"jetpack_featured_media_url":"https:\/\/i0.wp.com\/historiografija.hr\/wp-content\/uploads\/2021\/06\/Carigrad.gif?fit=256%2C350&ssl=1","jetpack_sharing_enabled":true,"jetpack-related-posts":[],"_links":{"self":[{"href":"https:\/\/historiografija.hr\/index.php?rest_route=\/wp\/v2\/posts\/26581","targetHints":{"allow":["GET"]}}],"collection":[{"href":"https:\/\/historiografija.hr\/index.php?rest_route=\/wp\/v2\/posts"}],"about":[{"href":"https:\/\/historiografija.hr\/index.php?rest_route=\/wp\/v2\/types\/post"}],"author":[{"embeddable":true,"href":"https:\/\/historiografija.hr\/index.php?rest_route=\/wp\/v2\/users\/2"}],"replies":[{"embeddable":true,"href":"https:\/\/historiografija.hr\/index.php?rest_route=%2Fwp%2Fv2%2Fcomments&post=26581"}],"version-history":[{"count":1,"href":"https:\/\/historiografija.hr\/index.php?rest_route=\/wp\/v2\/posts\/26581\/revisions"}],"predecessor-version":[{"id":26583,"href":"https:\/\/historiografija.hr\/index.php?rest_route=\/wp\/v2\/posts\/26581\/revisions\/26583"}],"wp:featuredmedia":[{"embeddable":true,"href":"https:\/\/historiografija.hr\/index.php?rest_route=\/wp\/v2\/media\/26582"}],"wp:attachment":[{"href":"https:\/\/historiografija.hr\/index.php?rest_route=%2Fwp%2Fv2%2Fmedia&parent=26581"}],"wp:term":[{"taxonomy":"category","embeddable":true,"href":"https:\/\/historiografija.hr\/index.php?rest_route=%2Fwp%2Fv2%2Fcategories&post=26581"},{"taxonomy":"post_tag","embeddable":true,"href":"https:\/\/historiografija.hr\/index.php?rest_route=%2Fwp%2Fv2%2Ftags&post=26581"}],"curies":[{"name":"wp","href":"https:\/\/api.w.org\/{rel}","templated":true}]}}