{"id":26575,"date":"2021-06-07T15:57:29","date_gmt":"2021-06-07T15:57:29","guid":{"rendered":"http:\/\/historiografija.hr\/?p=26575"},"modified":"2021-06-07T15:58:08","modified_gmt":"2021-06-07T15:58:08","slug":"nagrada-tportala-romanu-zelimira-perisa-mladenka-kostonoga","status":"publish","type":"post","link":"https:\/\/historiografija.hr\/?p=26575","title":{"rendered":"Nagrada tportala romanu \u017delimira Peri\u0161a &#8216;Mladenka kostonoga&#8217;"},"content":{"rendered":"\n<p>Knji\u017eevnu nagradu tportala za najbolji hrvatski roman dobio je roman \u017delimira Peri\u0161a &#8216;Mladenka kostonoga&#8217; koji\u00a0&#8220;preuzima osamnaestostoljetnu prosvjetiteljsku konvenciju najave i poduke sadr\u017eaja svakog pojedinog poglavlja i poetiku pikarskog romana s likom proganjane &#8216;vje\u0161tice&#8217;, &#8216;vilenice&#8217;, &#8216;iscjeliteljice&#8217; Gile, feministi\u010dke ikone ispred svoga vremena, te ju postavlja u sredi\u0161te pripovjednog univerzuma na povijesno i kulturno turbulentnom prostoru od Dalmacije, Like, Istre i Hercegovine pa sve do be\u010dke prijestolnice&#8221;.\u00a0<\/p>\n\n\n\n<hr class=\"wp-block-separator\"\/>\n\n\n\n<p>Op\u0161irnije na poveznici:<\/p>\n\n\n\n<p><a href=\"https:\/\/www.tportal.hr\/kultura\/clanak\/video-zelimir-peris-dobitnik-je-knjizevne-nagrade-tportala-za-najbolji-hrvatski-roman-foto-20210602\">https:\/\/www.tportal.hr\/kultura\/clanak\/video-zelimir-peris-dobitnik-je-knjizevne-nagrade-tportala-za-najbolji-hrvatski-roman-foto-20210602<\/a><\/p>\n\n\n\n<hr class=\"wp-block-separator\"\/>\n\n\n\n<figure class=\"wp-block-embed-wordpress wp-block-embed is-type-wp-embed is-provider-historiografija-hr\"><div class=\"wp-block-embed__wrapper\">\n<blockquote class=\"wp-embedded-content\" data-secret=\"ufUqYbNc93\"><a href=\"https:\/\/historiografija.hr\/?p=22286\">\u017delimir Peri\u0161, roman \u201eMladenka kostonoga\u201c<\/a><\/blockquote><iframe loading=\"lazy\" class=\"wp-embedded-content\" sandbox=\"allow-scripts\" security=\"restricted\" style=\"position: absolute; clip: rect(1px, 1px, 1px, 1px);\" title=\"&#8220;\u017delimir Peri\u0161, roman \u201eMladenka kostonoga\u201c&#8221; &#8212; Historiografija.hr\" src=\"https:\/\/historiografija.hr\/?p=22286&#038;embed=true#?secret=ufUqYbNc93\" data-secret=\"ufUqYbNc93\" width=\"600\" height=\"338\" frameborder=\"0\" marginwidth=\"0\" marginheight=\"0\" scrolling=\"no\"><\/iframe>\n<\/div><\/figure>\n\n\n\n<hr class=\"wp-block-separator\"\/>\n","protected":false},"excerpt":{"rendered":"","protected":false},"author":2,"featured_media":22287,"comment_status":"open","ping_status":"open","sticky":false,"template":"","format":"standard","meta":{"_acf_changed":false,"jetpack_post_was_ever_published":false,"_jetpack_newsletter_access":"","_jetpack_dont_email_post_to_subs":false,"_jetpack_newsletter_tier_id":0,"_jetpack_memberships_contains_paywalled_content":false,"_jetpack_memberships_contains_paid_content":false,"footnotes":"","jetpack_publicize_message":"","jetpack_publicize_feature_enabled":true,"jetpack_social_post_already_shared":true,"jetpack_social_options":{"image_generator_settings":{"template":"highway","default_image_id":0,"font":"","enabled":false},"version":2}},"categories":[3,12],"tags":[],"class_list":["post-26575","post","type-post","status-publish","format-standard","has-post-thumbnail","hentry","category-novosti","category-knjizevnost"],"acf":{"facebook_opis":""},"jetpack_publicize_connections":[],"jetpack_featured_media_url":"https:\/\/i0.wp.com\/historiografija.hr\/wp-content\/uploads\/2020\/08\/naslovnica_mladenka_kostonoga.jpeg?fit=500%2C791&ssl=1","jetpack_sharing_enabled":true,"jetpack-related-posts":[],"_links":{"self":[{"href":"https:\/\/historiografija.hr\/index.php?rest_route=\/wp\/v2\/posts\/26575","targetHints":{"allow":["GET"]}}],"collection":[{"href":"https:\/\/historiografija.hr\/index.php?rest_route=\/wp\/v2\/posts"}],"about":[{"href":"https:\/\/historiografija.hr\/index.php?rest_route=\/wp\/v2\/types\/post"}],"author":[{"embeddable":true,"href":"https:\/\/historiografija.hr\/index.php?rest_route=\/wp\/v2\/users\/2"}],"replies":[{"embeddable":true,"href":"https:\/\/historiografija.hr\/index.php?rest_route=%2Fwp%2Fv2%2Fcomments&post=26575"}],"version-history":[{"count":2,"href":"https:\/\/historiografija.hr\/index.php?rest_route=\/wp\/v2\/posts\/26575\/revisions"}],"predecessor-version":[{"id":26577,"href":"https:\/\/historiografija.hr\/index.php?rest_route=\/wp\/v2\/posts\/26575\/revisions\/26577"}],"wp:featuredmedia":[{"embeddable":true,"href":"https:\/\/historiografija.hr\/index.php?rest_route=\/wp\/v2\/media\/22287"}],"wp:attachment":[{"href":"https:\/\/historiografija.hr\/index.php?rest_route=%2Fwp%2Fv2%2Fmedia&parent=26575"}],"wp:term":[{"taxonomy":"category","embeddable":true,"href":"https:\/\/historiografija.hr\/index.php?rest_route=%2Fwp%2Fv2%2Fcategories&post=26575"},{"taxonomy":"post_tag","embeddable":true,"href":"https:\/\/historiografija.hr\/index.php?rest_route=%2Fwp%2Fv2%2Ftags&post=26575"}],"curies":[{"name":"wp","href":"https:\/\/api.w.org\/{rel}","templated":true}]}}