{"id":26572,"date":"2021-06-07T15:41:23","date_gmt":"2021-06-07T15:41:23","guid":{"rendered":"http:\/\/historiografija.hr\/?p=26572"},"modified":"2021-06-07T15:41:23","modified_gmt":"2021-06-07T15:41:23","slug":"petnaesti-medunarodni-znanstveni-skup-ikonografskih-studija-ikonografija-i-religijska-drugost","status":"publish","type":"post","link":"https:\/\/historiografija.hr\/?p=26572","title":{"rendered":"Petnaesti me\u0111unarodni znanstveni skup ikonografskih studija \u201eIkonografija i religijska drugost\u201c"},"content":{"rendered":"\n<p>Centar za ikonografske studije Filozofskog fakulteta Sveu\u010dili\u0161ta u Rijeci organizira Petnaesti me\u0111unarodni znanstveni skup ikonografskih studija pod nazivom \u201e<strong><u><a href=\"https:\/\/www.ffri.uniri.hr\/files\/vijesti\/2020-2021\/Plakat-IKON-6_2021.pdf\">Ikonografija i religijska drugost \/ Iconography and Religious Otherness<\/a><\/u><\/strong>\u201c. Skup \u0107e se odr\u017eati <strong>10. i 11. lipnja 2021.<\/strong> online na <strong><u><a rel=\"noreferrer noopener\" href=\"https:\/\/us02web.zoom.us\/j\/87572817005?pwd=VnY4eG50cklrNXpaQU5BbEJ6OW1pUT09\" target=\"_blank\">Zoom platformi<\/a><\/u><\/strong> sa slobodnim pristupom za sve zainteresirane.<br><br><strong><u><a rel=\"noreferrer noopener\" href=\"http:\/\/cis.ffri.hr\/en\/conference-2021-2\/\" target=\"_blank\">Program skupa i sve relevantne informacije<\/a><\/u><\/strong><\/p>\n\n\n\n<hr class=\"wp-block-separator\"\/>\n\n\n\n<p>Izvor:<\/p>\n\n\n\n<p><a href=\"https:\/\/www.ffri.uniri.hr\/hr\/\">https:\/\/www.ffri.uniri.hr\/hr\/<\/a><\/p>\n\n\n\n<hr class=\"wp-block-separator\"\/>\n","protected":false},"excerpt":{"rendered":"","protected":false},"author":2,"featured_media":26573,"comment_status":"open","ping_status":"open","sticky":false,"template":"","format":"standard","meta":{"_acf_changed":false,"jetpack_post_was_ever_published":false,"_jetpack_newsletter_access":"","_jetpack_dont_email_post_to_subs":false,"_jetpack_newsletter_tier_id":0,"_jetpack_memberships_contains_paywalled_content":false,"_jetpack_memberships_contains_paid_content":false,"footnotes":"","jetpack_publicize_message":"","jetpack_publicize_feature_enabled":true,"jetpack_social_post_already_shared":true,"jetpack_social_options":{"image_generator_settings":{"template":"highway","default_image_id":0,"font":"","enabled":false},"version":2}},"categories":[3,9],"tags":[],"class_list":["post-26572","post","type-post","status-publish","format-standard","has-post-thumbnail","hentry","category-novosti","category-skupovi"],"acf":{"facebook_opis":""},"jetpack_publicize_connections":[],"jetpack_featured_media_url":"https:\/\/i0.wp.com\/historiografija.hr\/wp-content\/uploads\/2021\/06\/PLAKAT-ICON.jpg?fit=1829%2C2560&ssl=1","jetpack_sharing_enabled":true,"jetpack-related-posts":[],"_links":{"self":[{"href":"https:\/\/historiografija.hr\/index.php?rest_route=\/wp\/v2\/posts\/26572","targetHints":{"allow":["GET"]}}],"collection":[{"href":"https:\/\/historiografija.hr\/index.php?rest_route=\/wp\/v2\/posts"}],"about":[{"href":"https:\/\/historiografija.hr\/index.php?rest_route=\/wp\/v2\/types\/post"}],"author":[{"embeddable":true,"href":"https:\/\/historiografija.hr\/index.php?rest_route=\/wp\/v2\/users\/2"}],"replies":[{"embeddable":true,"href":"https:\/\/historiografija.hr\/index.php?rest_route=%2Fwp%2Fv2%2Fcomments&post=26572"}],"version-history":[{"count":1,"href":"https:\/\/historiografija.hr\/index.php?rest_route=\/wp\/v2\/posts\/26572\/revisions"}],"predecessor-version":[{"id":26574,"href":"https:\/\/historiografija.hr\/index.php?rest_route=\/wp\/v2\/posts\/26572\/revisions\/26574"}],"wp:featuredmedia":[{"embeddable":true,"href":"https:\/\/historiografija.hr\/index.php?rest_route=\/wp\/v2\/media\/26573"}],"wp:attachment":[{"href":"https:\/\/historiografija.hr\/index.php?rest_route=%2Fwp%2Fv2%2Fmedia&parent=26572"}],"wp:term":[{"taxonomy":"category","embeddable":true,"href":"https:\/\/historiografija.hr\/index.php?rest_route=%2Fwp%2Fv2%2Fcategories&post=26572"},{"taxonomy":"post_tag","embeddable":true,"href":"https:\/\/historiografija.hr\/index.php?rest_route=%2Fwp%2Fv2%2Ftags&post=26572"}],"curies":[{"name":"wp","href":"https:\/\/api.w.org\/{rel}","templated":true}]}}