{"id":26558,"date":"2021-06-04T21:58:41","date_gmt":"2021-06-04T21:58:41","guid":{"rendered":"http:\/\/historiografija.hr\/?p=26558"},"modified":"2021-06-05T13:49:06","modified_gmt":"2021-06-05T13:49:06","slug":"history-fest-2021-konferencija-drustvo-i-historiografija-u-jugoistocnoj-evropi-od-zajednicke-proslosti-do-podijeljene-historije","status":"publish","type":"post","link":"https:\/\/historiografija.hr\/?p=26558","title":{"rendered":"History Fest 2021: Konferencija \u201cDru\u0161tvo i historiografija u jugoisto\u010dnoj Evropi \u2013 Od zajedni\u010dke pro\u0161losti do podijeljene historije\u201d"},"content":{"rendered":"\n<p>U okviru History Festa i projekta \u201cHistoire pour la Libert\u00e9\u201d odr\u017eat \u0107e se u srijedu, 9. juna 2021. u Sarajevu konferencija \u201cDru\u0161tvo i historiografija u jugoisto\u010dnoj Evropi \u2212 Od zajedni\u010dke pro\u0161losti do podijeljene historije\u201d. Na konferenciji &#8211; u\u017eivo ili online &#8211; sudjeluju Vera Katz, Dubravka Stojanovi\u0107, Milivoj Be\u0161lin, Magdalena Najbar-Agi\u010di\u0107, Branimir Jankovi\u0107, Tvrtko Jakovina, \u0160erbo Rastoder, Petar Todorov, Bo\u017eo Repe, Ru\u017ea Fotiadis, Thomas Schad, Hannes Grandits. Moderator: Husnija Kamberovi\u0107.<\/p>\n\n\n\n<hr class=\"wp-block-separator\"\/>\n\n\n\n<p>History Fest<\/p>\n\n\n\n<p><strong>Srijeda, 9. juni 2021.<\/strong><\/p>\n\n\n\n<p>Hotel Holiday, Sarajevo<\/p>\n\n\n\n<p>14:30 &#8211; 17:45<\/p>\n\n\n\n<p>Konferencija: <em>Dru\u0161tvo i historiografija u jugoisto\u010dnoj Evropi &#8211; Od zajedni\u010dke pro\u0161losti do podijeljene historije<\/em><br>(Sudjeluju: Branimir Jankovi\u0107, Dubravka Stojanovi\u0107, Petar Todorov (ZOOM), Magdalena Najbar \u2013 Agi\u010di\u0107 (ZOOM), Bo\u017eo Repe (ZOOM), Vera Katz, \u0160erbo Rastoder, Milivoj Be\u0161lin, Ru\u017ea Fotiadis (ZOOM), Thomas Schad (ZOOM), Tvrtko Jakovina, Hannes Grandits (ZOOM). Moderator: Husnija Kamberovi\u0107)<\/p>\n\n\n\n<hr class=\"wp-block-separator\"\/>\n\n\n\n<p><strong>Konferenciju \u0107e biti mogu\u0107e pratiti<\/strong> <strong>preko YouTube kanala History Festa<\/strong>:<\/p>\n\n\n\n<p><a href=\"https:\/\/www.youtube.com\/watch?v=VPKmoyTOwOI\">https:\/\/www.youtube.com\/watch?v=VPKmoyTOwOI<\/a><\/p>\n\n\n\n<figure class=\"wp-block-image size-large\"><img data-recalc-dims=\"1\" loading=\"lazy\" decoding=\"async\" width=\"860\" height=\"496\" data-attachment-id=\"26561\" data-permalink=\"https:\/\/historiografija.hr\/?attachment_id=26561\" data-orig-file=\"https:\/\/i0.wp.com\/historiografija.hr\/wp-content\/uploads\/2021\/06\/sarajevo-event-cover-scaled.jpg?fit=2560%2C1475&amp;ssl=1\" data-orig-size=\"2560,1475\" data-comments-opened=\"1\" data-image-meta=\"{&quot;aperture&quot;:&quot;0&quot;,&quot;credit&quot;:&quot;&quot;,&quot;camera&quot;:&quot;&quot;,&quot;caption&quot;:&quot;&quot;,&quot;created_timestamp&quot;:&quot;0&quot;,&quot;copyright&quot;:&quot;&quot;,&quot;focal_length&quot;:&quot;0&quot;,&quot;iso&quot;:&quot;0&quot;,&quot;shutter_speed&quot;:&quot;0&quot;,&quot;title&quot;:&quot;&quot;,&quot;orientation&quot;:&quot;0&quot;}\" data-image-title=\"sarajevo-event-cover\" data-image-description=\"\" data-image-caption=\"\" data-large-file=\"https:\/\/i0.wp.com\/historiografija.hr\/wp-content\/uploads\/2021\/06\/sarajevo-event-cover-scaled.jpg?fit=860%2C496&amp;ssl=1\" src=\"https:\/\/i0.wp.com\/historiografija.hr\/wp-content\/uploads\/2021\/06\/sarajevo-event-cover.jpg?resize=860%2C496&#038;ssl=1\" alt=\"\" class=\"wp-image-26561\" srcset=\"https:\/\/i0.wp.com\/historiografija.hr\/wp-content\/uploads\/2021\/06\/sarajevo-event-cover-scaled.jpg?resize=1024%2C590&amp;ssl=1 1024w, https:\/\/i0.wp.com\/historiografija.hr\/wp-content\/uploads\/2021\/06\/sarajevo-event-cover-scaled.jpg?resize=300%2C173&amp;ssl=1 300w, https:\/\/i0.wp.com\/historiografija.hr\/wp-content\/uploads\/2021\/06\/sarajevo-event-cover-scaled.jpg?resize=768%2C443&amp;ssl=1 768w, https:\/\/i0.wp.com\/historiografija.hr\/wp-content\/uploads\/2021\/06\/sarajevo-event-cover-scaled.jpg?resize=1536%2C885&amp;ssl=1 1536w, https:\/\/i0.wp.com\/historiografija.hr\/wp-content\/uploads\/2021\/06\/sarajevo-event-cover-scaled.jpg?resize=2048%2C1180&amp;ssl=1 2048w, https:\/\/i0.wp.com\/historiografija.hr\/wp-content\/uploads\/2021\/06\/sarajevo-event-cover-scaled.jpg?w=1720&amp;ssl=1 1720w\" sizes=\"auto, (max-width: 860px) 100vw, 860px\" \/><\/figure>\n\n\n\n<hr class=\"wp-block-separator\"\/>\n\n\n\n<p>Izvori i dodatne informacije:<\/p>\n\n\n\n<p><a href=\"https:\/\/www.historyfest.ba\/program\/dan2.html\">https:\/\/www.historyfest.ba\/program\/dan2.html<\/a><\/p>\n\n\n\n<p><a href=\"https:\/\/www.historiografija.ba\/article.php?id=495\">https:\/\/www.historiografija.ba\/article.php?id=495<\/a><\/p>\n\n\n\n<p><a href=\"https:\/\/www.facebook.com\/histoirepourlaliberte\">https:\/\/www.facebook.com\/histoirepourlaliberte<\/a><\/p>\n\n\n\n<figure class=\"wp-block-embed-wordpress wp-block-embed is-type-wp-embed is-provider-ko-je-prvi-poceo\"><div class=\"wp-block-embed__wrapper\">\n<blockquote class=\"wp-embedded-content\" data-secret=\"AjeNULiPZz\"><a href=\"https:\/\/kojeprvipoceo.rs\/\">Po\u010detna<\/a><\/blockquote><iframe loading=\"lazy\" class=\"wp-embedded-content\" sandbox=\"allow-scripts\" security=\"restricted\" style=\"position: absolute; clip: rect(1px, 1px, 1px, 1px);\" title=\"&#8220;Po\u010detna&#8221; &#8212; Ko je prvi poceo\" src=\"https:\/\/kojeprvipoceo.rs\/embed\/#?secret=AjeNULiPZz\" data-secret=\"AjeNULiPZz\" width=\"600\" height=\"338\" frameborder=\"0\" marginwidth=\"0\" marginheight=\"0\" scrolling=\"no\"><\/iframe>\n<\/div><\/figure>\n\n\n\n<hr class=\"wp-block-separator\"\/>\n\n\n\n<figure class=\"wp-block-embed-wordpress wp-block-embed is-type-wp-embed is-provider-historiografija-hr\"><div class=\"wp-block-embed__wrapper\">\n<blockquote class=\"wp-embedded-content\" data-secret=\"NrKR4k2dNr\"><a href=\"https:\/\/historiografija.hr\/?p=26186\">Kliofest 2021: Konferencija \u201cPROTIV historijskog revizionizma, ZA reviziju povijesnih spoznaja\u201d<\/a><\/blockquote><iframe loading=\"lazy\" class=\"wp-embedded-content\" sandbox=\"allow-scripts\" security=\"restricted\" style=\"position: absolute; clip: rect(1px, 1px, 1px, 1px);\" title=\"&#8220;Kliofest 2021: Konferencija \u201cPROTIV historijskog revizionizma, ZA reviziju povijesnih spoznaja\u201d&#8221; &#8212; Historiografija.hr\" src=\"https:\/\/historiografija.hr\/?p=26186&#038;embed=true#?secret=NrKR4k2dNr\" data-secret=\"NrKR4k2dNr\" width=\"600\" height=\"338\" frameborder=\"0\" marginwidth=\"0\" marginheight=\"0\" scrolling=\"no\"><\/iframe>\n<\/div><\/figure>\n\n\n\n<hr class=\"wp-block-separator\"\/>\n","protected":false},"excerpt":{"rendered":"","protected":false},"author":2,"featured_media":26559,"comment_status":"open","ping_status":"open","sticky":false,"template":"","format":"standard","meta":{"_acf_changed":false,"jetpack_post_was_ever_published":false,"_jetpack_newsletter_access":"","_jetpack_dont_email_post_to_subs":false,"_jetpack_newsletter_tier_id":0,"_jetpack_memberships_contains_paywalled_content":false,"_jetpack_memberships_contains_paid_content":false,"footnotes":"","jetpack_publicize_message":"","jetpack_publicize_feature_enabled":true,"jetpack_social_post_already_shared":true,"jetpack_social_options":{"image_generator_settings":{"template":"highway","default_image_id":0,"font":"","enabled":false},"version":2}},"categories":[3,9],"tags":[],"class_list":["post-26558","post","type-post","status-publish","format-standard","has-post-thumbnail","hentry","category-novosti","category-skupovi"],"acf":{"facebook_opis":""},"jetpack_publicize_connections":[],"jetpack_featured_media_url":"https:\/\/i0.wp.com\/historiografija.hr\/wp-content\/uploads\/2021\/06\/sarajevo-ig-2.jpg?fit=2017%2C2036&ssl=1","jetpack_sharing_enabled":true,"jetpack-related-posts":[],"_links":{"self":[{"href":"https:\/\/historiografija.hr\/index.php?rest_route=\/wp\/v2\/posts\/26558","targetHints":{"allow":["GET"]}}],"collection":[{"href":"https:\/\/historiografija.hr\/index.php?rest_route=\/wp\/v2\/posts"}],"about":[{"href":"https:\/\/historiografija.hr\/index.php?rest_route=\/wp\/v2\/types\/post"}],"author":[{"embeddable":true,"href":"https:\/\/historiografija.hr\/index.php?rest_route=\/wp\/v2\/users\/2"}],"replies":[{"embeddable":true,"href":"https:\/\/historiografija.hr\/index.php?rest_route=%2Fwp%2Fv2%2Fcomments&post=26558"}],"version-history":[{"count":7,"href":"https:\/\/historiografija.hr\/index.php?rest_route=\/wp\/v2\/posts\/26558\/revisions"}],"predecessor-version":[{"id":26570,"href":"https:\/\/historiografija.hr\/index.php?rest_route=\/wp\/v2\/posts\/26558\/revisions\/26570"}],"wp:featuredmedia":[{"embeddable":true,"href":"https:\/\/historiografija.hr\/index.php?rest_route=\/wp\/v2\/media\/26559"}],"wp:attachment":[{"href":"https:\/\/historiografija.hr\/index.php?rest_route=%2Fwp%2Fv2%2Fmedia&parent=26558"}],"wp:term":[{"taxonomy":"category","embeddable":true,"href":"https:\/\/historiografija.hr\/index.php?rest_route=%2Fwp%2Fv2%2Fcategories&post=26558"},{"taxonomy":"post_tag","embeddable":true,"href":"https:\/\/historiografija.hr\/index.php?rest_route=%2Fwp%2Fv2%2Ftags&post=26558"}],"curies":[{"name":"wp","href":"https:\/\/api.w.org\/{rel}","templated":true}]}}