{"id":26545,"date":"2021-06-04T21:11:01","date_gmt":"2021-06-04T21:11:01","guid":{"rendered":"http:\/\/historiografija.hr\/?p=26545"},"modified":"2021-06-04T21:12:23","modified_gmt":"2021-06-04T21:12:23","slug":"znanstveni-kolokvij-modeli-i-iskustva-intelektualnog-transfera-u-razdoblju-protomodernizacije-2","status":"publish","type":"post","link":"https:\/\/historiografija.hr\/?p=26545","title":{"rendered":"3. Znanstveni kolokvij \u201cModeli i iskustva intelektualnog transfera u razdoblju (proto)modernizacije\u201d"},"content":{"rendered":"\n<p><strong>Hrvatski institut za povijest<\/strong><\/p>\n\n\n\n<p>ima \u010dast pozvati Vas na 3. znanstveni kolokvij iz serije<\/p>\n\n\n\n<p><strong><em>Modeli i iskustva intelektualnog transfera u razdoblju&nbsp;(proto)modernizacije<\/em><\/strong><\/p>\n\n\n\n<p>na temu<\/p>\n\n\n\n<p><strong><em>Transfer Herbartovih pedago\u0161kih ideja<\/em><\/strong><\/p>\n\n\n\n<p>koji \u0107e se odr\u017eati putem video veze te \u0107e se mo\u0107i pratiti na youtube kanalu Hrvatskog instituta za povijest<\/p>\n\n\n\n<p>(<a href=\"https:\/\/www.youtube.com\/user\/HIPZagreb\">https:\/\/www.youtube.com\/user\/HIPZagreb<\/a>)<\/p>\n\n\n\n<p><strong>7. lipnja 2021. <\/strong>u <strong>17h<\/strong><\/p>\n\n\n\n<p><strong>Izlaga\u010di:<\/strong><\/p>\n\n\n\n<p><strong>Prof. Dr. Edvard Protner<\/strong>,University of Maribor, Faculty of Arts, Department of Pedagogy<\/p>\n\n\n\n<p><em>Johann Friedrich Herbart and the educational needs of the time<\/em><\/p>\n\n\n\n<p><strong>Prof. Dr. habil. Albena Chavdarova<\/strong>, Sofia University \u201cSt. Kliment Ochridski\u201d<\/p>\n\n\n\n<p><em>Transfer of Herbartianism to Bulgaria<\/em><\/p>\n\n\n\n<p>Znanstveni kolokvij je organiziran u sklopu projekta <em>Europski&nbsp;korijeni moderne Hrvatske: transfer ideja na politi\u010dkom i&nbsp;kulturnom&nbsp; polju&nbsp; u 18. i 19. stolje\u0107u<\/em>, HRZZ, IP-2018-01-2539<\/p>\n\n\n\n<p><a href=\"http:\/\/www.isp.hr\/wp-content\/uploads\/Pozivnica-3.-kolokvij-converted.pdf\"><strong>POZIVNICA<\/strong><\/a><\/p>\n\n\n\n<hr class=\"wp-block-separator\"\/>\n\n\n\n<p>Izvor: <\/p>\n\n\n\n<p><a href=\"https:\/\/www.isp.hr\/7-lipnja-2021-u-17-sati-poziv-na-znanstveni-kolokvij-modeli-i-iskustva-intelektualnog-transfera-u-razdoblju-protomodernizacije\/\">https:\/\/www.isp.hr\/7-lipnja-2021-u-17-sati-poziv-na-znanstveni-kolokvij-modeli-i-iskustva-intelektualnog-transfera-u-razdoblju-protomodernizacije\/<\/a><\/p>\n\n\n\n<hr class=\"wp-block-separator\"\/>\n","protected":false},"excerpt":{"rendered":"","protected":false},"author":2,"featured_media":26546,"comment_status":"open","ping_status":"open","sticky":false,"template":"","format":"standard","meta":{"_acf_changed":false,"jetpack_post_was_ever_published":false,"_jetpack_newsletter_access":"","_jetpack_dont_email_post_to_subs":false,"_jetpack_newsletter_tier_id":0,"_jetpack_memberships_contains_paywalled_content":false,"_jetpack_memberships_contains_paid_content":false,"footnotes":"","jetpack_publicize_message":"","jetpack_publicize_feature_enabled":true,"jetpack_social_post_already_shared":true,"jetpack_social_options":{"image_generator_settings":{"template":"highway","default_image_id":0,"font":"","enabled":false},"version":2}},"categories":[3],"tags":[],"class_list":["post-26545","post","type-post","status-publish","format-standard","has-post-thumbnail","hentry","category-novosti"],"acf":{"facebook_opis":""},"jetpack_publicize_connections":[],"jetpack_featured_media_url":"https:\/\/i0.wp.com\/historiografija.hr\/wp-content\/uploads\/2021\/06\/Herbart.jpg?fit=1061%2C810&ssl=1","jetpack_sharing_enabled":true,"jetpack-related-posts":[],"_links":{"self":[{"href":"https:\/\/historiografija.hr\/index.php?rest_route=\/wp\/v2\/posts\/26545","targetHints":{"allow":["GET"]}}],"collection":[{"href":"https:\/\/historiografija.hr\/index.php?rest_route=\/wp\/v2\/posts"}],"about":[{"href":"https:\/\/historiografija.hr\/index.php?rest_route=\/wp\/v2\/types\/post"}],"author":[{"embeddable":true,"href":"https:\/\/historiografija.hr\/index.php?rest_route=\/wp\/v2\/users\/2"}],"replies":[{"embeddable":true,"href":"https:\/\/historiografija.hr\/index.php?rest_route=%2Fwp%2Fv2%2Fcomments&post=26545"}],"version-history":[{"count":2,"href":"https:\/\/historiografija.hr\/index.php?rest_route=\/wp\/v2\/posts\/26545\/revisions"}],"predecessor-version":[{"id":26548,"href":"https:\/\/historiografija.hr\/index.php?rest_route=\/wp\/v2\/posts\/26545\/revisions\/26548"}],"wp:featuredmedia":[{"embeddable":true,"href":"https:\/\/historiografija.hr\/index.php?rest_route=\/wp\/v2\/media\/26546"}],"wp:attachment":[{"href":"https:\/\/historiografija.hr\/index.php?rest_route=%2Fwp%2Fv2%2Fmedia&parent=26545"}],"wp:term":[{"taxonomy":"category","embeddable":true,"href":"https:\/\/historiografija.hr\/index.php?rest_route=%2Fwp%2Fv2%2Fcategories&post=26545"},{"taxonomy":"post_tag","embeddable":true,"href":"https:\/\/historiografija.hr\/index.php?rest_route=%2Fwp%2Fv2%2Ftags&post=26545"}],"curies":[{"name":"wp","href":"https:\/\/api.w.org\/{rel}","templated":true}]}}