{"id":26538,"date":"2021-06-04T20:55:44","date_gmt":"2021-06-04T20:55:44","guid":{"rendered":"http:\/\/historiografija.hr\/?p=26538"},"modified":"2021-06-04T20:56:59","modified_gmt":"2021-06-04T20:56:59","slug":"izlozba-skulptura-anticke-salone-iz-fundusa-gliptoteke-hazu","status":"publish","type":"post","link":"https:\/\/historiografija.hr\/?p=26538","title":{"rendered":"Izlo\u017eba &#8220;Skulptura anti\u010dke Salone iz fundusa Gliptoteke HAZU&#8221;"},"content":{"rendered":"\n<p>U Gliptoteci HAZU 5. lipnja u 12 sati otvara se izlo\u017eba \u201eSkulptura anti\u010dke Salone iz fundusa Gliptoteke HAZU\u201c.<\/p>\n\n\n\n<p>Izlo\u017eba u Gliptoteci Hrvatske akademije znanosti i umjetnosti prikazuje anti\u010dku Salonu, glavni grad rimske provincije Dalmacije, koja je na\u0161 najistaknutiji arheolo\u0161ki lokalitet s vi\u0161estoljetnim kontinuitetom \u017eivota grada. Salona je prikazana kroz povijesni razvoj otkriven tijekom arheolo\u0161kih istra\u017eivanja, kojima su iznesene na svjetlo dana pojedine urbanisti\u010dke cjeline i monumentalne gra\u0111evine s naglaskom na kiparsku ba\u0161tinu iz fundusa Gliptoteke HAZU. Iz Zbirke sadrenih odljeva anti\u010dkih spomenika Gliptoteke HAZU upravo je skulptura Salone najbrojnija, obuhva\u0107a javnu i sepulkralnu plastiku te bogatu arhivsku dokumentaciju. Prikazani su povijest sakupljanja salonitanskih spomenika u privatnim zbirkama, prvi istra\u017eiva\u010di tog anti\u010dkog velegrada, zatim poznate gradske cjeline te najznamenitije gra\u0111evine i pojedina\u010dni spomenici, \u0161to je sve popra\u0107eno virtualnim prikazima. Izlo\u017eba prigodno obilje\u017eava 200 godina istra\u017eivanja toga najzna\u010dajnijeg anti\u010dkog lokaliteta, i to u Godini Marka Maruli\u0107a, oca hrvatske knji\u017eevnosti, koji u skladu s europskim humanisti\u010dkim kretanjima tog vremena donosi prve opise salonitanskih epigrafskih spomenika, me\u0111u kojima se spominje ime anti\u010dkoga grada Salone.<\/p>\n\n\n\n<p>Autorice izlo\u017ebe: prof. dr.sc. Jasna Jeli\u010di\u0107 Radoni\u0107, Magdalena Getaldi\u0107.<\/p>\n\n\n\n<p>Izlo\u017eba traje do 4. srpnja 2021. godine u radno vrijeme muzeja utorak- petak 11-19, vikendom 10-14 sati.<\/p>\n\n\n\n<hr class=\"wp-block-separator\"\/>\n\n\n\n<p>Izvor: <a href=\"https:\/\/www.info.hazu.hr\/events\/10717izlozba-skulptura-anticke-salone-iz-fundusa-gliptoteke-hazu\/\">https:\/\/www.info.hazu.hr\/events\/10717izlozba-skulptura-anticke-salone-iz-fundusa-gliptoteke-hazu\/<\/a><\/p>\n\n\n\n<hr class=\"wp-block-separator\"\/>\n","protected":false},"excerpt":{"rendered":"","protected":false},"author":2,"featured_media":26539,"comment_status":"open","ping_status":"open","sticky":false,"template":"","format":"standard","meta":{"_acf_changed":false,"jetpack_post_was_ever_published":false,"_jetpack_newsletter_access":"","_jetpack_dont_email_post_to_subs":false,"_jetpack_newsletter_tier_id":0,"_jetpack_memberships_contains_paywalled_content":false,"_jetpack_memberships_contains_paid_content":false,"footnotes":"","jetpack_publicize_message":"","jetpack_publicize_feature_enabled":true,"jetpack_social_post_already_shared":true,"jetpack_social_options":{"image_generator_settings":{"template":"highway","default_image_id":0,"font":"","enabled":false},"version":2}},"categories":[10,3],"tags":[],"class_list":["post-26538","post","type-post","status-publish","format-standard","has-post-thumbnail","hentry","category-izlozbe","category-novosti"],"acf":{"facebook_opis":""},"jetpack_publicize_connections":[],"jetpack_featured_media_url":"https:\/\/i0.wp.com\/historiografija.hr\/wp-content\/uploads\/2021\/06\/Gliptoteka_izlozba_Salona.jpg?fit=800%2C355&ssl=1","jetpack_sharing_enabled":true,"jetpack-related-posts":[],"_links":{"self":[{"href":"https:\/\/historiografija.hr\/index.php?rest_route=\/wp\/v2\/posts\/26538","targetHints":{"allow":["GET"]}}],"collection":[{"href":"https:\/\/historiografija.hr\/index.php?rest_route=\/wp\/v2\/posts"}],"about":[{"href":"https:\/\/historiografija.hr\/index.php?rest_route=\/wp\/v2\/types\/post"}],"author":[{"embeddable":true,"href":"https:\/\/historiografija.hr\/index.php?rest_route=\/wp\/v2\/users\/2"}],"replies":[{"embeddable":true,"href":"https:\/\/historiografija.hr\/index.php?rest_route=%2Fwp%2Fv2%2Fcomments&post=26538"}],"version-history":[{"count":2,"href":"https:\/\/historiografija.hr\/index.php?rest_route=\/wp\/v2\/posts\/26538\/revisions"}],"predecessor-version":[{"id":26541,"href":"https:\/\/historiografija.hr\/index.php?rest_route=\/wp\/v2\/posts\/26538\/revisions\/26541"}],"wp:featuredmedia":[{"embeddable":true,"href":"https:\/\/historiografija.hr\/index.php?rest_route=\/wp\/v2\/media\/26539"}],"wp:attachment":[{"href":"https:\/\/historiografija.hr\/index.php?rest_route=%2Fwp%2Fv2%2Fmedia&parent=26538"}],"wp:term":[{"taxonomy":"category","embeddable":true,"href":"https:\/\/historiografija.hr\/index.php?rest_route=%2Fwp%2Fv2%2Fcategories&post=26538"},{"taxonomy":"post_tag","embeddable":true,"href":"https:\/\/historiografija.hr\/index.php?rest_route=%2Fwp%2Fv2%2Ftags&post=26538"}],"curies":[{"name":"wp","href":"https:\/\/api.w.org\/{rel}","templated":true}]}}