{"id":26525,"date":"2021-06-02T22:59:09","date_gmt":"2021-06-02T22:59:09","guid":{"rendered":"http:\/\/historiografija.hr\/?p=26525"},"modified":"2021-06-02T22:59:09","modified_gmt":"2021-06-02T22:59:09","slug":"edi-jurkovic-kad-je-zivot-bio-novi-val-biografija-omladinskog-lista-val-1975-1990","status":"publish","type":"post","link":"https:\/\/historiografija.hr\/?p=26525","title":{"rendered":"Edi Jurkovi\u0107: Kad je \u017eivot bio novi val (biografija Omladinskog lista Val 1975-1990)"},"content":{"rendered":"\n<p>Atraktivna monografija\/biografija \u201eKad je \u017eivot bio novi val\u201c sveobuhvatno je predstavljanje rije\u010dkog omladinskog lista \u201eVal\u201c koji je u Rijeci redovno izlazio punih 16 godina, od 1975. do 1990. godine.<br><br>Omladinski list \u201eVal\u201c bio je uz zagreba\u010dke listove \u201ePolet\u201c i \u201eStudentski list\u201c te splitsku \u201eOmladinsku iskru\u201c jedini alternativni izvor informiranja u vrijeme jednostrana\u010dkog sustava. Kroz njegovih 288 brojeva\/svezaka zrcali se novija povijest (1975. \u2013 1990.) Rijeke, ali i cijele Hrvatske, s naglaskom na \u017eivot mladih i popularnu, ponajprije rock kulturu.<br><br>Potkraj izla\u017eenja, s popu\u0161tanjem politi\u010dkih stega \u201eVal\u201c se aktivno uklju\u010dio u demokratizaciju dru\u0161tva zbog \u010dega je u travnju 1989. njegov 268. broj i zabranjen. \u201eVal\u201c je zanimljiv i kao rasadnik kadrova jer su njegovi glavni urednici kasnije postali glavni urednici vode\u0107ih hrvatskih dnevnih listova poput Ve\u010dernjeg lista, Jutarnjeg lista i Novog lista.<br><br>Cilj je monografije rekontekstualizirati teme kojima se list bavio, njegov utjecaj i zna\u010daj te otrgnuti zaboravu list koji je otvorio prostor za razvoj poznate rije\u010dke rock scene i bu\u0111enje kulturnog identiteta u 80-im godinama pro\u0161log stolje\u0107a.U sklopu monografije objavit \u0107e se i brojne naslovnice te autorske fotografije objavljene u listu, kao i popis suradnika kojih je u 16 godina oko 1.000!.<br><br>Autor monografije je Edi Jurkovi\u0107, hrvatski pisac, novinar i urednik, i sam glavni urednik \u201eVala\u201c u sezoni 1986\/87.<br><br>Prvo predstavljanje monografije bilo je 26. o\u017eujka 2021. u Gradskoj vije\u0107nici u Rijeci.<\/p>\n\n\n\n<hr class=\"wp-block-separator\"\/>\n\n\n\n<p>Nakladnik: Naklada Val<\/p>\n\n\n\n<p>Godina izdavanja: 2021.<\/p>\n\n\n\n<p>Broj stranica: 492<\/p>\n\n\n\n<hr class=\"wp-block-separator\"\/>\n\n\n\n<p>Izvor: <\/p>\n\n\n\n<p><a href=\"https:\/\/shop.naklada-val.hr\/edi-jurkovic-kad-je-zivot-bio-novi-val-monografija-omladinskog-lista-val-1975-1990-u-pretprodaji-300-kn.html\">https:\/\/shop.naklada-val.hr\/edi-jurkovic-kad-je-zivot-bio-novi-val-monografija-omladinskog-lista-val-1975-1990-u-pretprodaji-300-kn.html<\/a><\/p>\n\n\n\n<hr class=\"wp-block-separator\"\/>\n\n\n\n<p>Iz medija:<\/p>\n\n\n\n<p><a href=\"https:\/\/www.jutarnji.hr\/kultura\/knjizevnost\/val-je-prvi-prije-poleta-otvarao-bitne-nove-teme-pisao-o-punku-ekologiji-15061080\">https:\/\/www.jutarnji.hr\/kultura\/knjizevnost\/val-je-prvi-prije-poleta-otvarao-bitne-nove-teme-pisao-o-punku-ekologiji-15061080<\/a><\/p>\n\n\n\n<p><a href=\"https:\/\/www.jutarnji.hr\/kultura\/knjizevnost\/nepoznata-prica-o-magazinu-koji-je-pisao-o-punku-i-prije-poleta-a-vlastima-je-bio-trn-u-oku-15057379\">https:\/\/www.jutarnji.hr\/kultura\/knjizevnost\/nepoznata-prica-o-magazinu-koji-je-pisao-o-punku-i-prije-poleta-a-vlastima-je-bio-trn-u-oku-15057379<\/a><\/p>\n\n\n\n<figure class=\"wp-block-embed-wordpress wp-block-embed is-type-wp-embed is-provider-novi-list\"><div class=\"wp-block-embed__wrapper\">\n<blockquote class=\"wp-embedded-content\" data-secret=\"GsQUOKDXnw\"><a href=\"https:\/\/www.novilist.hr\/rijeka-regija\/rijeka\/predstavljena-monografija-edija-jurkovica-kad-je-zivot-bio-novi-val\/\">Predstavljena monografija Edija Jurkovi\u0107a &#8220;Kad je \u017eivot bio novi val&#8221;<\/a><\/blockquote><iframe loading=\"lazy\" class=\"wp-embedded-content\" sandbox=\"allow-scripts\" security=\"restricted\" style=\"position: absolute; clip: rect(1px, 1px, 1px, 1px);\" title=\"&#8220;Predstavljena monografija Edija Jurkovi\u0107a &#8220;Kad je \u017eivot bio novi val&#8221;&#8221; &#8212; Novi list\" src=\"https:\/\/www.novilist.hr\/rijeka-regija\/rijeka\/predstavljena-monografija-edija-jurkovica-kad-je-zivot-bio-novi-val\/embed\/#?secret=GsQUOKDXnw\" data-secret=\"GsQUOKDXnw\" width=\"600\" height=\"338\" frameborder=\"0\" marginwidth=\"0\" marginheight=\"0\" scrolling=\"no\"><\/iframe>\n<\/div><\/figure>\n\n\n\n<hr class=\"wp-block-separator\"\/>\n","protected":false},"excerpt":{"rendered":"","protected":false},"author":2,"featured_media":26526,"comment_status":"open","ping_status":"open","sticky":false,"template":"","format":"standard","meta":{"_acf_changed":false,"jetpack_post_was_ever_published":false,"_jetpack_newsletter_access":"","_jetpack_dont_email_post_to_subs":false,"_jetpack_newsletter_tier_id":0,"_jetpack_memberships_contains_paywalled_content":false,"_jetpack_memberships_contains_paid_content":false,"footnotes":"","jetpack_publicize_message":"","jetpack_publicize_feature_enabled":true,"jetpack_social_post_already_shared":true,"jetpack_social_options":{"image_generator_settings":{"template":"highway","default_image_id":0,"font":"","enabled":false},"version":2}},"categories":[8,3],"tags":[],"class_list":["post-26525","post","type-post","status-publish","format-standard","has-post-thumbnail","hentry","category-knjige","category-novosti"],"acf":{"facebook_opis":""},"jetpack_publicize_connections":[],"jetpack_featured_media_url":"https:\/\/i0.wp.com\/historiografija.hr\/wp-content\/uploads\/2021\/06\/naslovnica_Val_4.jpg?fit=435%2C600&ssl=1","jetpack_sharing_enabled":true,"jetpack-related-posts":[],"_links":{"self":[{"href":"https:\/\/historiografija.hr\/index.php?rest_route=\/wp\/v2\/posts\/26525","targetHints":{"allow":["GET"]}}],"collection":[{"href":"https:\/\/historiografija.hr\/index.php?rest_route=\/wp\/v2\/posts"}],"about":[{"href":"https:\/\/historiografija.hr\/index.php?rest_route=\/wp\/v2\/types\/post"}],"author":[{"embeddable":true,"href":"https:\/\/historiografija.hr\/index.php?rest_route=\/wp\/v2\/users\/2"}],"replies":[{"embeddable":true,"href":"https:\/\/historiografija.hr\/index.php?rest_route=%2Fwp%2Fv2%2Fcomments&post=26525"}],"version-history":[{"count":1,"href":"https:\/\/historiografija.hr\/index.php?rest_route=\/wp\/v2\/posts\/26525\/revisions"}],"predecessor-version":[{"id":26527,"href":"https:\/\/historiografija.hr\/index.php?rest_route=\/wp\/v2\/posts\/26525\/revisions\/26527"}],"wp:featuredmedia":[{"embeddable":true,"href":"https:\/\/historiografija.hr\/index.php?rest_route=\/wp\/v2\/media\/26526"}],"wp:attachment":[{"href":"https:\/\/historiografija.hr\/index.php?rest_route=%2Fwp%2Fv2%2Fmedia&parent=26525"}],"wp:term":[{"taxonomy":"category","embeddable":true,"href":"https:\/\/historiografija.hr\/index.php?rest_route=%2Fwp%2Fv2%2Fcategories&post=26525"},{"taxonomy":"post_tag","embeddable":true,"href":"https:\/\/historiografija.hr\/index.php?rest_route=%2Fwp%2Fv2%2Ftags&post=26525"}],"curies":[{"name":"wp","href":"https:\/\/api.w.org\/{rel}","templated":true}]}}