{"id":26513,"date":"2021-06-01T20:31:07","date_gmt":"2021-06-01T20:31:07","guid":{"rendered":"http:\/\/historiografija.hr\/?p=26513"},"modified":"2021-06-01T20:31:07","modified_gmt":"2021-06-01T20:31:07","slug":"sasa-ilic-pas-i-kontrabas","status":"publish","type":"post","link":"https:\/\/historiografija.hr\/?p=26513","title":{"rendered":"Sa\u0161a Ili\u0107, \u201cPas i kontrabas\u201d"},"content":{"rendered":"\n<p>Svitalo je kada je devetnaestogodi\u0161nji Filip Isakovi\u0107 s palube bojnog broda JRM u jesen 1991. ugledao otok Lo\u0161inj kao posljednje privi\u0111enje raja nakon \u010dega \u0107e nastupiti mrak rata, a \u010ditava zemlja nestati u krvi. Dva desetlje\u0107a kasnije, biv\u0161i ratni veteran i psihi\u010dki slomljeni jazz kontrabasist, koji vi\u0161e ne mo\u017ee svirati, biva dopra\u0107en u psihijatrijsku bolnicu u Kovinu gdje upoznaje one kojih se dr\u017eava odrekla nakon \u0161to ih je iskoristila za svoje ratove. To mjesto prezrenih postaje to\u010dka otpora i pobune potaknute antipsihijatrijskim idejama dr Juliusa.<\/p>\n\n\n\n<p>Dok se u mozai\u010dnoj strukturi romana ni\u017eu scene jazz koncerata u Splitu, Budimpe\u0161ti, Beogradu \u2013 pripovijest vibrira u ritmu sinkopiranih Filipovih sje\u0107anja na izgubljenu ljubav Enu. \u010citatelj putuje kroz vrijeme i prostor Jugoslavije do samog srca romana: filozofije oslobo\u0111enja dru\u0161tva zarobljenog u raljama ratne pro\u0161losti i spoznaje da sloboda ne dolazi kroz zaborav, a pojedinca ne mo\u017eemo lije\u010diti ukoliko ne lije\u010dimo dru\u0161tvo.<\/p>\n\n\n\n<hr class=\"wp-block-separator\"\/>\n\n\n\n<p><strong>Sa\u0161a Ili\u0107 <\/strong>ro\u0111en je 1972. u Jagodini, diplomirao na Filolo\u0161kom fakultetu u Beogradu. Objavio je tri knjige pri\u010da (Predose\u0107anje gra\u0111anskog rata, 2000; Du\u0161anovac. Po\u0161ta, 2015; Lov na je\u017eeve, 2015) i tri romana (Berlinsko okno, 2005; Pad Kolumbije, 2010; Pas i kontrabas, 2019). Bio je jedan od pokreta\u010da i urednik knji\u017eevnog podlistka Beton u dnevnom listu Danas od osnivanja 2006. do listopada 2013. Nakon raspada redakcije, u prosincu iste godine osnovao je s Alidom Bremer list Beton International, koji periodi\u010dno izlazi na njema\u010dkom jeziku kao podlistak Tageszeitunga i Frankfurter Rundschaua. Jedan je od urednika Me\u0111unarodnog knji\u017eevnog festivala POLIP u Pri\u0161tini. Pi\u0161e za Pe\u0161\u010danik.net i ELit (literaturhauseuropa.eu). Njegova proza dostupna je u prijevodu na albanski, engleski, francuski, makedonski i njema\u010dki jezik. Dobitnik je NIN-ove nagrade kritike za najbolji roman 2019. \u017divi i radi u Beogradu. Urednik je portala za knji\u017eevnost Komunalinks.com.<\/p>\n\n\n\n<hr class=\"wp-block-separator\"\/>\n\n\n\n<p>Izvor: <a href=\"https:\/\/www.meandar.hr\/proizvod\/pas-i-kontrabas\/\">https:\/\/www.meandar.hr\/proizvod\/pas-i-kontrabas\/<\/a><\/p>\n\n\n\n<hr class=\"wp-block-separator\"\/>\n","protected":false},"excerpt":{"rendered":"","protected":false},"author":2,"featured_media":26514,"comment_status":"open","ping_status":"open","sticky":false,"template":"","format":"standard","meta":{"_acf_changed":false,"jetpack_post_was_ever_published":false,"_jetpack_newsletter_access":"","_jetpack_dont_email_post_to_subs":false,"_jetpack_newsletter_tier_id":0,"_jetpack_memberships_contains_paywalled_content":false,"_jetpack_memberships_contains_paid_content":false,"footnotes":"","jetpack_publicize_message":"","jetpack_publicize_feature_enabled":true,"jetpack_social_post_already_shared":true,"jetpack_social_options":{"image_generator_settings":{"template":"highway","default_image_id":0,"font":"","enabled":false},"version":2}},"categories":[3,12],"tags":[],"class_list":["post-26513","post","type-post","status-publish","format-standard","has-post-thumbnail","hentry","category-novosti","category-knjizevnost"],"acf":{"facebook_opis":""},"jetpack_publicize_connections":[],"jetpack_featured_media_url":"https:\/\/i0.wp.com\/historiografija.hr\/wp-content\/uploads\/2021\/06\/pas-i-kontrabas.png?fit=570%2C678&ssl=1","jetpack_sharing_enabled":true,"jetpack-related-posts":[],"_links":{"self":[{"href":"https:\/\/historiografija.hr\/index.php?rest_route=\/wp\/v2\/posts\/26513","targetHints":{"allow":["GET"]}}],"collection":[{"href":"https:\/\/historiografija.hr\/index.php?rest_route=\/wp\/v2\/posts"}],"about":[{"href":"https:\/\/historiografija.hr\/index.php?rest_route=\/wp\/v2\/types\/post"}],"author":[{"embeddable":true,"href":"https:\/\/historiografija.hr\/index.php?rest_route=\/wp\/v2\/users\/2"}],"replies":[{"embeddable":true,"href":"https:\/\/historiografija.hr\/index.php?rest_route=%2Fwp%2Fv2%2Fcomments&post=26513"}],"version-history":[{"count":1,"href":"https:\/\/historiografija.hr\/index.php?rest_route=\/wp\/v2\/posts\/26513\/revisions"}],"predecessor-version":[{"id":26515,"href":"https:\/\/historiografija.hr\/index.php?rest_route=\/wp\/v2\/posts\/26513\/revisions\/26515"}],"wp:featuredmedia":[{"embeddable":true,"href":"https:\/\/historiografija.hr\/index.php?rest_route=\/wp\/v2\/media\/26514"}],"wp:attachment":[{"href":"https:\/\/historiografija.hr\/index.php?rest_route=%2Fwp%2Fv2%2Fmedia&parent=26513"}],"wp:term":[{"taxonomy":"category","embeddable":true,"href":"https:\/\/historiografija.hr\/index.php?rest_route=%2Fwp%2Fv2%2Fcategories&post=26513"},{"taxonomy":"post_tag","embeddable":true,"href":"https:\/\/historiografija.hr\/index.php?rest_route=%2Fwp%2Fv2%2Ftags&post=26513"}],"curies":[{"name":"wp","href":"https:\/\/api.w.org\/{rel}","templated":true}]}}