{"id":26505,"date":"2021-06-01T20:11:37","date_gmt":"2021-06-01T20:11:37","guid":{"rendered":"http:\/\/historiografija.hr\/?p=26505"},"modified":"2021-06-01T20:11:37","modified_gmt":"2021-06-01T20:11:37","slug":"transformacija-rada-narativi-prakse-rezimi-uredili-ozren-biti-i-reana-senjkovic","status":"publish","type":"post","link":"https:\/\/historiografija.hr\/?p=26505","title":{"rendered":"Transformacija rada: narativi, prakse, re\u017eimi. Uredili Ozren Biti i Reana Senjkovi\u0107"},"content":{"rendered":"\n<p>Zbornik nudi produbljen i aktuelan pregled najva\u017enijih fenomena povezanih&nbsp;sa sferom rada i transformacijama unutar nje. Pristupa im komparativno, u&nbsp;\u0161irem vremenskom rasponu, te sa raznolikih teoretskih i metodolo\u0161kih&nbsp;pozicija. Rasprave sakupljene u ovom zborniku u nau\u010dnu produkciju o radu i&nbsp;radnim odnosima u post-socijalizmu interveni\u0161u na nekoliko va\u017enih na\u010dina:&nbsp;insistiraju na potrebi da se radni i klasni odnosi posmatraju kroz prizmu&nbsp;produkcije znanja, re-aktualizuju koncept klase i osvetljavaju njegov zna\u010daj&nbsp;za teku\u0107e rekonfiguracije radnih re\u017eima i nude produbljene etnografske&nbsp;uvide u posledice koje ove rekonfiguracije imaju na dr\u017eavljanke i dr\u017eavljane&nbsp;postsocijalisti\u010dkih dru\u0161tava srednjoisto\u010dne i jugoisto\u010dne Evrope, te na ova&nbsp;dru\u0161tva u celini.<\/p>\n\n\n\n<p>dr. sc. Tanja Petrovi\u0107<\/p>\n\n\n\n<p>ZRC SAZU, Ljubljana<\/p>\n\n\n\n<hr class=\"wp-block-separator\"\/>\n\n\n\n<p>Zbornik radova Transformacija rada: narativi, prakse, re\u017eimi umre\u017euje&nbsp;dvadeset istra\u017eiva\u010da \u010diji je analiti\u010dki i interpretativni fokus posve\u0107en klju\u010dnim&nbsp;procesima kojima je kategorija rada podlo\u017ena posljednjih pola stolje\u0107a. Taj&nbsp;manevar prvenstveno zna\u010di rastvaranje cijeloga niza polja u kojima se rad i&nbsp;povijesno prepoznaje kao primarna vrijednost, poput industrijskog sektora&nbsp;(automobilska i tekstilna industrija, rad u \u017eeljezari), njegovo detektiranje u&nbsp;od takvoga pristupa tradicionalno podzastupljenim sektorima (dje\u010dji vrti\u0107i,&nbsp;rad imigranata), ali i prepoznavanje rada u sasvim novim i suvremenim&nbsp;miljeima (volontarijat i humanitarni anga\u017eman, iznajmljiva\u010di apartmana,&nbsp;komercijalizacija tradicijske glazbe, rad korupcije). Pritom se autori, tako\u0111er,&nbsp;izrazito uvjerljivo hvataju u ko\u0161tac s epistemolo\u0161kim utjecajima sociologije na&nbsp;privredu tijekom \u201980-ih godina, odnosno dekonstrukcijom dijela suvremenog&nbsp;jezi\u010dnog pojmovlja poput prekarijata, termina koji je gotovo u potpunosti&nbsp;istisnuo govor i istra\u017eivanja s klasnim predznakom kakvi su dominirali za&nbsp;vrijeme socijalisti\u010dkog dr\u017eavnog ure\u0111enja.<\/p>\n\n\n\n<p>dr. sc. Andrea Mato\u0161evi\u0107<\/p>\n\n\n\n<p>Sveu\u010dili\u0161te Jurja Dobrile u Puli<\/p>\n\n\n\n<hr class=\"wp-block-separator\"\/>\n\n\n\n<p>Nakladnik: Institut za etnologiju i folkloristiku<\/p>\n\n\n\n<p>Godina izdanja: 2021.<\/p>\n\n\n\n<hr class=\"wp-block-separator\"\/>\n\n\n\n<p>Sadr\u017eaj:<\/p>\n\n\n\n<figure class=\"wp-block-embed-wordpress wp-block-embed is-type-wp-embed is-provider-institut-za-etnologiju-i-folkloristiku\"><div class=\"wp-block-embed__wrapper\">\n<blockquote class=\"wp-embedded-content\" data-secret=\"hn304RdUEk\"><a href=\"https:\/\/www.ief.hr\/novosti\/transformacija-rada-narativi-prakse-rezimi\/\">Transformacija rada: narativi, prakse, re\u017eimi<\/a><\/blockquote><iframe loading=\"lazy\" class=\"wp-embedded-content\" sandbox=\"allow-scripts\" security=\"restricted\" style=\"position: absolute; clip: rect(1px, 1px, 1px, 1px);\" title=\"&#8220;Transformacija rada: narativi, prakse, re\u017eimi&#8221; &#8212; Institut za etnologiju i folkloristiku\" src=\"https:\/\/www.ief.hr\/novosti\/transformacija-rada-narativi-prakse-rezimi\/embed\/#?secret=hn304RdUEk\" data-secret=\"hn304RdUEk\" width=\"600\" height=\"338\" frameborder=\"0\" marginwidth=\"0\" marginheight=\"0\" scrolling=\"no\"><\/iframe>\n<\/div><\/figure>\n\n\n\n<hr class=\"wp-block-separator\"\/>\n","protected":false},"excerpt":{"rendered":"","protected":false},"author":2,"featured_media":26506,"comment_status":"open","ping_status":"open","sticky":false,"template":"","format":"standard","meta":{"_acf_changed":false,"jetpack_post_was_ever_published":false,"_jetpack_newsletter_access":"","_jetpack_dont_email_post_to_subs":false,"_jetpack_newsletter_tier_id":0,"_jetpack_memberships_contains_paywalled_content":false,"_jetpack_memberships_contains_paid_content":false,"footnotes":"","jetpack_publicize_message":"","jetpack_publicize_feature_enabled":true,"jetpack_social_post_already_shared":true,"jetpack_social_options":{"image_generator_settings":{"template":"highway","default_image_id":0,"font":"","enabled":false},"version":2}},"categories":[8,3],"tags":[],"class_list":["post-26505","post","type-post","status-publish","format-standard","has-post-thumbnail","hentry","category-knjige","category-novosti"],"acf":{"facebook_opis":""},"jetpack_publicize_connections":[],"jetpack_featured_media_url":"https:\/\/i0.wp.com\/historiografija.hr\/wp-content\/uploads\/2021\/06\/TRANSFORMACIJA-RADA.jpg?fit=1431%2C2048&ssl=1","jetpack_sharing_enabled":true,"jetpack-related-posts":[],"_links":{"self":[{"href":"https:\/\/historiografija.hr\/index.php?rest_route=\/wp\/v2\/posts\/26505","targetHints":{"allow":["GET"]}}],"collection":[{"href":"https:\/\/historiografija.hr\/index.php?rest_route=\/wp\/v2\/posts"}],"about":[{"href":"https:\/\/historiografija.hr\/index.php?rest_route=\/wp\/v2\/types\/post"}],"author":[{"embeddable":true,"href":"https:\/\/historiografija.hr\/index.php?rest_route=\/wp\/v2\/users\/2"}],"replies":[{"embeddable":true,"href":"https:\/\/historiografija.hr\/index.php?rest_route=%2Fwp%2Fv2%2Fcomments&post=26505"}],"version-history":[{"count":1,"href":"https:\/\/historiografija.hr\/index.php?rest_route=\/wp\/v2\/posts\/26505\/revisions"}],"predecessor-version":[{"id":26507,"href":"https:\/\/historiografija.hr\/index.php?rest_route=\/wp\/v2\/posts\/26505\/revisions\/26507"}],"wp:featuredmedia":[{"embeddable":true,"href":"https:\/\/historiografija.hr\/index.php?rest_route=\/wp\/v2\/media\/26506"}],"wp:attachment":[{"href":"https:\/\/historiografija.hr\/index.php?rest_route=%2Fwp%2Fv2%2Fmedia&parent=26505"}],"wp:term":[{"taxonomy":"category","embeddable":true,"href":"https:\/\/historiografija.hr\/index.php?rest_route=%2Fwp%2Fv2%2Fcategories&post=26505"},{"taxonomy":"post_tag","embeddable":true,"href":"https:\/\/historiografija.hr\/index.php?rest_route=%2Fwp%2Fv2%2Ftags&post=26505"}],"curies":[{"name":"wp","href":"https:\/\/api.w.org\/{rel}","templated":true}]}}