{"id":26502,"date":"2021-05-31T09:31:14","date_gmt":"2021-05-31T09:31:14","guid":{"rendered":"http:\/\/historiografija.hr\/?p=26502"},"modified":"2021-05-31T09:31:14","modified_gmt":"2021-05-31T09:31:14","slug":"arno-trultzsch-sozialismus-und-blockfreiheit-der-beitrag-jugoslawiens-zum-volkerrecht-1948-1980-91","status":"publish","type":"post","link":"https:\/\/historiografija.hr\/?p=26502","title":{"rendered":"Arno Tr\u00fcltzsch, \u201cSozialismus und Blockfreiheit. Der Beitrag Jugoslawiens zum V\u00f6lkerrecht 1948-1980\/91\u201c"},"content":{"rendered":"\n<p><strong>Die Jugoslawische Au\u00dfenpolitik und ihr Einfluss auf die Entwicklung des V\u00f6lkerrechts nach 1945.<\/strong><\/p>\n\n\n\n<p><br>Arno Tr\u00fcltzsch besch\u00e4ftigt sich am Beispiel Jugoslawiens und seiner Aktivit\u00e4ten in den Vereinten Nationen mit dem Zusammenwirken von Ideologie und Au\u00dfenpolitik in der Entwicklung des V\u00f6lkerrechts. Neben der pers\u00f6nlichen Reisediplomatie Titos war die jugoslawische Politik in der Konferenz- und UN Diplomatie verortet &#8211; erg\u00e4nzt um eine dritte Komponente, die bewusst Bezug auf das V\u00f6lkerrecht nahm. Jugoslawische Rechtsexperten und Diplomaten trugen in vielen Bereichen zur Weiterentwicklung des V\u00f6lkerrechts bei &#8211; so in der Terrorismusproblematik, in den Abr\u00fcstungsverhandlungen, bei diversen menschenrechtlichen Resolutionen und Vertragswerken sowie im V\u00f6lkerstrafrecht. Dar\u00fcber hinaus benutzte die jugoslawische Diplomatie zusammen mit ihren blockfreien Partnern v\u00f6lkerrechtliche, besonders menschenrechtliche Argumente f\u00fcr gezielte politische Anliegen, wie die \u00dcberwindung des Kolonialismus oder die Neuordnung der Weltwirtschaft. Auch wenn dieses Bem\u00fchen im Kern zur Sicherung der eigenen Position in einer geteilten Welt diente, hatte die jugoslawische Au\u00dfenpolitik einen signifikanten Einfluss auf die doktrin\u00e4re Entwicklung bzw. die Ideengeschichte des V\u00f6lkerrechts.<\/p>\n\n\n\n<p><strong>Arno Tr\u00fcltzsch<\/strong>, geb. 1985, ist Historiker mit Schwerpunkt auf der Zeit- und V\u00f6lkerrechtsgeschichte S\u00fcdosteuropas, besonders des ehemaligen Jugoslawiens.<br>Ver\u00f6ffentlichungen u. a.: Constitutional nationalism und minority building: die kroatischen Serben im politischen Diskurs und der administrativ-politischen Praxis Kroatiens seit 1990 (2016).<\/p>\n\n\n\n<hr class=\"wp-block-separator\"\/>\n\n\n\n<p><a href=\"https:\/\/www.wallstein-verlag.de\/9783835339040-sozialismus-und-blockfreiheit.html\">https:\/\/www.wallstein-verlag.de\/9783835339040-sozialismus-und-blockfreiheit.html<\/a><\/p>\n\n\n\n<hr class=\"wp-block-separator\"\/>\n","protected":false},"excerpt":{"rendered":"","protected":false},"author":2,"featured_media":26503,"comment_status":"open","ping_status":"open","sticky":false,"template":"","format":"standard","meta":{"_acf_changed":false,"jetpack_post_was_ever_published":false,"_jetpack_newsletter_access":"","_jetpack_dont_email_post_to_subs":false,"_jetpack_newsletter_tier_id":0,"_jetpack_memberships_contains_paywalled_content":false,"_jetpack_memberships_contains_paid_content":false,"footnotes":"","jetpack_publicize_message":"","jetpack_publicize_feature_enabled":true,"jetpack_social_post_already_shared":true,"jetpack_social_options":{"image_generator_settings":{"template":"highway","default_image_id":0,"font":"","enabled":false},"version":2}},"categories":[8,3],"tags":[],"class_list":["post-26502","post","type-post","status-publish","format-standard","has-post-thumbnail","hentry","category-knjige","category-novosti"],"acf":{"facebook_opis":""},"jetpack_publicize_connections":[],"jetpack_featured_media_url":"https:\/\/i0.wp.com\/historiografija.hr\/wp-content\/uploads\/2021\/05\/A-T.png?fit=350%2C546&ssl=1","jetpack_sharing_enabled":true,"jetpack-related-posts":[],"_links":{"self":[{"href":"https:\/\/historiografija.hr\/index.php?rest_route=\/wp\/v2\/posts\/26502","targetHints":{"allow":["GET"]}}],"collection":[{"href":"https:\/\/historiografija.hr\/index.php?rest_route=\/wp\/v2\/posts"}],"about":[{"href":"https:\/\/historiografija.hr\/index.php?rest_route=\/wp\/v2\/types\/post"}],"author":[{"embeddable":true,"href":"https:\/\/historiografija.hr\/index.php?rest_route=\/wp\/v2\/users\/2"}],"replies":[{"embeddable":true,"href":"https:\/\/historiografija.hr\/index.php?rest_route=%2Fwp%2Fv2%2Fcomments&post=26502"}],"version-history":[{"count":1,"href":"https:\/\/historiografija.hr\/index.php?rest_route=\/wp\/v2\/posts\/26502\/revisions"}],"predecessor-version":[{"id":26504,"href":"https:\/\/historiografija.hr\/index.php?rest_route=\/wp\/v2\/posts\/26502\/revisions\/26504"}],"wp:featuredmedia":[{"embeddable":true,"href":"https:\/\/historiografija.hr\/index.php?rest_route=\/wp\/v2\/media\/26503"}],"wp:attachment":[{"href":"https:\/\/historiografija.hr\/index.php?rest_route=%2Fwp%2Fv2%2Fmedia&parent=26502"}],"wp:term":[{"taxonomy":"category","embeddable":true,"href":"https:\/\/historiografija.hr\/index.php?rest_route=%2Fwp%2Fv2%2Fcategories&post=26502"},{"taxonomy":"post_tag","embeddable":true,"href":"https:\/\/historiografija.hr\/index.php?rest_route=%2Fwp%2Fv2%2Ftags&post=26502"}],"curies":[{"name":"wp","href":"https:\/\/api.w.org\/{rel}","templated":true}]}}