{"id":26492,"date":"2021-05-31T08:01:38","date_gmt":"2021-05-31T08:01:38","guid":{"rendered":"http:\/\/historiografija.hr\/?p=26492"},"modified":"2021-05-31T08:04:50","modified_gmt":"2021-05-31T08:04:50","slug":"preminuo-povjesnicar-nobuhiro-shiba","status":"publish","type":"post","link":"https:\/\/historiografija.hr\/?p=26492","title":{"rendered":"Preminuo povjesni\u010dar Nobuhiro Shiba"},"content":{"rendered":"\n<p>Iznenada je preminuo profesor <strong>Nobuhiro Shiba<\/strong>, japanski povjesni\u010dar koji se bavio temama balkanske i jugoisto\u010dno-europske povijesti. Na Sveu\u010dili\u0161tu Waseda u Tokiju diplomirao je 1974. i potom 1979. stekao doktorat iz europske povijesti. Dvije je godine boravio na stipendiji na Univerzitetu u Beogradu. Radio je u Japanskom dru\u0161tvu za promociju znanosti kao mladi istra\u017eiva\u010d, potom predavao na Sveu\u010dili\u0161tu Keiai, a od 1992. bio je profesor na Sveu\u010dili\u0161tu u Tokiju, gdje je 2010. umirovljen i potom stekao titulu <em>professor emeritus<\/em>. Od 2010. bio je gostuju\u0107i profesor u Europskom centru za mir i razvoj u Beogradu. Godine 2013. nastavio je predava\u010dke aktivnosti kao profesor Visoke \u0161kole za me\u0111unarodnu upravu na Me\u0111unarodnom sveu\u010dili\u0161tu Josai u Tokiju te direktor njegova Instituta za srednjoeuropske studije (Josai Institute for Central European Studies).<\/p>\n\n\n\n<p>Shibina su najva\u017enija djela <em>Suvremena povijest Jugoslavije<\/em> (Tokio 1996; potom jo\u0161 18 izdanja do 2016), <em>Nacionalizam na Balkanu<\/em> (Tokio 1996; potom jo\u0161 13 izdanja do 2015), <em>Ilustrirana povijest Balkana<\/em> (Tokio 2001), a napisao je i tekstove u knjigama o povijesti Hrvatske, Srbije i Slovenije (<em>60 \u010dlanaka da se upozna Hrvatska<\/em>, Tokio 2013; <em>60 \u010dlanaka da se upozna Srbija<\/em>, Tokio 2015; <em>60 \u010dlanaka da se upozna Slovenija<\/em>, Tokio 2017 \u2013 za potonju je knjigu 2017. dobio Medalju za zasluge Republike Slovenije). Bavio se i problematikom ud\u017ebenika, organizirao skupove u Japanu i zemljama biv\u0161e Jugoslavije. Kao rezultat te njegove aktivnosti su dvije knjige na engleskom: <em>In Search of a Common Regional History: the Balkans and East Asia in History Textbook<\/em>&nbsp;(The University of Tokyo, 2006); <em>School History and Textbooks: A Comparative Analysis of History Textbooks in Japan and Slovenia<\/em>&nbsp;(In\u0161titut za novej\u0161o zgodovino, Ljubljana, 2013).<\/p>\n\n\n\n<p>Vi\u0161e je puta profesor Nobuhiro Shiba boravio u Zagrebu kao gost Odsjeka za povijest Filozofskog fakulteta Sveu\u010dili\u0161ta u Zagrebu i dr\u017eao studentima predavanja. Posljednje je bilo 27. listopada 2014. pod naslovom \u201eOdnosi izme\u0111u novoga Balkana i Japana\u201d. Objavio je i dva \u010dlanka u <em>Povijesti u nastavi<\/em>: \u201e<a href=\"https:\/\/hrcak.srce.hr\/index.php?show=clanak&amp;id_clanak_jezik=39242\"><strong>Prou\u010davanje povijesti Balkana u Japanu<\/strong><\/a>\u201c;\u201e<a href=\"https:\/\/hrcak.srce.hr\/index.php?show=clanak&amp;id_clanak_jezik=73662\"><strong>Jedan odlomak iz povijesti suradnje Japana i Hrvatske: Hrvatska pjesma \u00abU boj\u00bb i japanski mu\u0161ki zbor<\/strong><\/a>\u201c. Oba su dostupna na hrcak.hr.<\/p>\n\n\n\n<p>Od 2015. ure\u0111ivao je sa suprugom Riko i nekolicinom suradnika <em>The Electronic journal of Central European Studies in Japan <\/em>(<a href=\"https:\/\/www.josai.ac.jp\/jices\/ejces\/index.html\">https:\/\/www.josai.ac.jp\/jices\/ejces\/index.html<\/a>).<\/p>\n\n\n\n<p>Pamtit \u0107emo ga po osmjehu i dobrohotnosti koju je izra\u017eavao prema svojim kolegicama i kolegama u Zagrebu i drugim gradovima na\u0161e regije \u010diju je povijest istra\u017eivao i predavao.<\/p>\n\n\n\n<p>Damir Agi\u010di\u0107<\/p>\n\n\n\n<p>(na temelju javnih podataka na internetskim portalima, napose https:\/\/www.jiu.ac.jp)<\/p>\n\n\n\n<hr class=\"wp-block-separator\"\/>\n\n\n\n<p>Fotografirala Snje\u017eana Koren<\/p>\n\n\n\n<hr class=\"wp-block-separator\"\/>\n","protected":false},"excerpt":{"rendered":"","protected":false},"author":2,"featured_media":26493,"comment_status":"open","ping_status":"open","sticky":false,"template":"","format":"standard","meta":{"_acf_changed":false,"jetpack_post_was_ever_published":false,"_jetpack_newsletter_access":"","_jetpack_dont_email_post_to_subs":false,"_jetpack_newsletter_tier_id":0,"_jetpack_memberships_contains_paywalled_content":false,"_jetpack_memberships_contains_paid_content":false,"footnotes":"","jetpack_publicize_message":"","jetpack_publicize_feature_enabled":true,"jetpack_social_post_already_shared":true,"jetpack_social_options":{"image_generator_settings":{"template":"highway","default_image_id":0,"font":"","enabled":false},"version":2}},"categories":[3,20],"tags":[],"class_list":["post-26492","post","type-post","status-publish","format-standard","has-post-thumbnail","hentry","category-novosti","category-obavijesti-o-smrti-i-nekrolozi"],"acf":{"facebook_opis":""},"jetpack_publicize_connections":[],"jetpack_featured_media_url":"https:\/\/i0.wp.com\/historiografija.hr\/wp-content\/uploads\/2021\/05\/shiba-nobuhir-.jpg?fit=499%2C618&ssl=1","jetpack_sharing_enabled":true,"jetpack-related-posts":[],"_links":{"self":[{"href":"https:\/\/historiografija.hr\/index.php?rest_route=\/wp\/v2\/posts\/26492","targetHints":{"allow":["GET"]}}],"collection":[{"href":"https:\/\/historiografija.hr\/index.php?rest_route=\/wp\/v2\/posts"}],"about":[{"href":"https:\/\/historiografija.hr\/index.php?rest_route=\/wp\/v2\/types\/post"}],"author":[{"embeddable":true,"href":"https:\/\/historiografija.hr\/index.php?rest_route=\/wp\/v2\/users\/2"}],"replies":[{"embeddable":true,"href":"https:\/\/historiografija.hr\/index.php?rest_route=%2Fwp%2Fv2%2Fcomments&post=26492"}],"version-history":[{"count":3,"href":"https:\/\/historiografija.hr\/index.php?rest_route=\/wp\/v2\/posts\/26492\/revisions"}],"predecessor-version":[{"id":26496,"href":"https:\/\/historiografija.hr\/index.php?rest_route=\/wp\/v2\/posts\/26492\/revisions\/26496"}],"wp:featuredmedia":[{"embeddable":true,"href":"https:\/\/historiografija.hr\/index.php?rest_route=\/wp\/v2\/media\/26493"}],"wp:attachment":[{"href":"https:\/\/historiografija.hr\/index.php?rest_route=%2Fwp%2Fv2%2Fmedia&parent=26492"}],"wp:term":[{"taxonomy":"category","embeddable":true,"href":"https:\/\/historiografija.hr\/index.php?rest_route=%2Fwp%2Fv2%2Fcategories&post=26492"},{"taxonomy":"post_tag","embeddable":true,"href":"https:\/\/historiografija.hr\/index.php?rest_route=%2Fwp%2Fv2%2Ftags&post=26492"}],"curies":[{"name":"wp","href":"https:\/\/api.w.org\/{rel}","templated":true}]}}