{"id":26484,"date":"2021-05-28T21:26:02","date_gmt":"2021-05-28T21:26:02","guid":{"rendered":"http:\/\/historiografija.hr\/?p=26484"},"modified":"2021-05-28T21:27:14","modified_gmt":"2021-05-28T21:27:14","slug":"klub-studenata-historije-sveucilista-srba-hrvata-i-slovenaca-u-zagrebu-zapisnici","status":"publish","type":"post","link":"https:\/\/historiografija.hr\/?p=26484","title":{"rendered":"Klub studenata historije Sveu\u010dili\u0161ta Srba, Hrvata i Slovenaca u Zagrebu \u2013 Zapisnici"},"content":{"rendered":"\n<p>Priredili Dora Kosor\u010di\u0107 i Damir Agi\u010di\u0107<\/p>\n\n\n\n<p>U knjizi su objavljeni transkribrirani zapisnici sjednica Kluba slu\u0161a\u010da historije, odnosno Kluba studenata historije koje je djelovalo na zagreba\u010dkom Filozofskom fakultetu u me\u0111uratnom razdoblju. Zapisnici Kluba studenata historije, pohranjeni u Hrvatskom dr\u017eavnom arhivu u fondu \u201cKlub studenata Historije Sveu\u010dili\u0161ta Srba, Hrvata i Slovenaca u Zagrebu\u201d zapisnici su odborskih sjednica i glavnih skup\u0161tina kluba u razdoblju od njegova osnivanja 1925. godine do prestanka rada 1941. godine. Ovi zapisnici predstavljaju vrijednu povijesnu gra\u0111u, budu\u0107i da pru\u017eaju uvid u organizaciju i unutarnji \u017eivot jedne od ve\u0107ih i aktivnijih studentskih organizacija na zagreba\u010dkom Filozofskom fakultetu u me\u0111uratnom razdoblju, ali omogu\u0107avaju i uvid u aspekte znanstvenog, politi\u010dkog, dru\u0161tvenog i kulturnog \u017eivota i svakodnevice studenata u me\u0111uratnom razdoblju. Uz to, ovi su zapisnici vrijedan izvor i za povijest hrvatske historiografije; u radu kluba, kao njegovi mentori i savjetnici studenata, predava\u010di ili voditelji stru\u010dnih ekskurzija, aktivno su sudjelovali istaknuti hrvatski povjesni\u010dari: Ferdo \u0160i\u0161i\u0107, Grga Novak, Milan Prelog, Ljudmil Hauptmann i drugi. (Klub studenata historije Sveu\u010dili\u0161ta Srba, Hrvata i Slovenaca u Zagrebu, Dora Kosor\u010di\u0107)<\/p>\n\n\n\n<p>Zapisnike su prepisali studenti Lucija Bak\u0161i\u0107, Ivan Grke\u0161, Josip Humjan, Lea Kasaba\u0161i\u0107, Nenad Jurilj, Robert Koreni\u0107, Andrijana Petrina i Sven \u0160pani\u0107. Redigirala ih je doktorandica Dora Kosor\u010di\u0107 a kona\u010dno pregledao i uredio profesor Damir Agi\u010di\u0107.<\/p>\n\n\n\n<hr class=\"wp-block-separator\"\/>\n\n\n\n<p>Izvor:<\/p>\n\n\n\n<figure class=\"wp-block-embed-wordpress wp-block-embed is-type-wp-embed is-provider-srednja-europa\"><div class=\"wp-block-embed__wrapper\">\n<blockquote class=\"wp-embedded-content\" data-secret=\"CrBrhEM8k5\"><a href=\"https:\/\/srednja-europa.hr\/novosti\/klub-studenata-historije-sveucilista-shs-u-zagrebu-zapisnici\/\">Klub studenata historije Sveu\u010dili\u0161ta SHS u Zagrebu &#8211; Zapisnici<\/a><\/blockquote><iframe loading=\"lazy\" class=\"wp-embedded-content\" sandbox=\"allow-scripts\" security=\"restricted\" style=\"position: absolute; clip: rect(1px, 1px, 1px, 1px);\" title=\"&#8220;Klub studenata historije Sveu\u010dili\u0161ta SHS u Zagrebu &#8211; Zapisnici&#8221; &#8212; Srednja Europa\" src=\"https:\/\/srednja-europa.hr\/novosti\/klub-studenata-historije-sveucilista-shs-u-zagrebu-zapisnici\/embed\/#?secret=CrBrhEM8k5\" data-secret=\"CrBrhEM8k5\" width=\"600\" height=\"338\" frameborder=\"0\" marginwidth=\"0\" marginheight=\"0\" scrolling=\"no\"><\/iframe>\n<\/div><\/figure>\n\n\n\n<hr class=\"wp-block-separator\"\/>\n\n\n\n<p>Odjeci:<\/p>\n\n\n\n<p><a href=\"https:\/\/www.historiografija.ba\/article.php?id=490\">https:\/\/www.historiografija.ba\/article.php?id=490<\/a><\/p>\n\n\n\n<hr class=\"wp-block-separator\"\/>\n","protected":false},"excerpt":{"rendered":"","protected":false},"author":2,"featured_media":26485,"comment_status":"open","ping_status":"open","sticky":false,"template":"","format":"standard","meta":{"_acf_changed":false,"jetpack_post_was_ever_published":false,"_jetpack_newsletter_access":"","_jetpack_dont_email_post_to_subs":false,"_jetpack_newsletter_tier_id":0,"_jetpack_memberships_contains_paywalled_content":false,"_jetpack_memberships_contains_paid_content":false,"footnotes":"","jetpack_publicize_message":"","jetpack_publicize_feature_enabled":true,"jetpack_social_post_already_shared":true,"jetpack_social_options":{"image_generator_settings":{"template":"highway","default_image_id":0,"font":"","enabled":false},"version":2}},"categories":[8,3],"tags":[],"class_list":["post-26484","post","type-post","status-publish","format-standard","has-post-thumbnail","hentry","category-knjige","category-novosti"],"acf":{"facebook_opis":""},"jetpack_publicize_connections":[],"jetpack_featured_media_url":"https:\/\/i0.wp.com\/historiografija.hr\/wp-content\/uploads\/2021\/05\/Zapisnici.jpg?fit=327%2C470&ssl=1","jetpack_sharing_enabled":true,"jetpack-related-posts":[],"_links":{"self":[{"href":"https:\/\/historiografija.hr\/index.php?rest_route=\/wp\/v2\/posts\/26484","targetHints":{"allow":["GET"]}}],"collection":[{"href":"https:\/\/historiografija.hr\/index.php?rest_route=\/wp\/v2\/posts"}],"about":[{"href":"https:\/\/historiografija.hr\/index.php?rest_route=\/wp\/v2\/types\/post"}],"author":[{"embeddable":true,"href":"https:\/\/historiografija.hr\/index.php?rest_route=\/wp\/v2\/users\/2"}],"replies":[{"embeddable":true,"href":"https:\/\/historiografija.hr\/index.php?rest_route=%2Fwp%2Fv2%2Fcomments&post=26484"}],"version-history":[{"count":2,"href":"https:\/\/historiografija.hr\/index.php?rest_route=\/wp\/v2\/posts\/26484\/revisions"}],"predecessor-version":[{"id":26487,"href":"https:\/\/historiografija.hr\/index.php?rest_route=\/wp\/v2\/posts\/26484\/revisions\/26487"}],"wp:featuredmedia":[{"embeddable":true,"href":"https:\/\/historiografija.hr\/index.php?rest_route=\/wp\/v2\/media\/26485"}],"wp:attachment":[{"href":"https:\/\/historiografija.hr\/index.php?rest_route=%2Fwp%2Fv2%2Fmedia&parent=26484"}],"wp:term":[{"taxonomy":"category","embeddable":true,"href":"https:\/\/historiografija.hr\/index.php?rest_route=%2Fwp%2Fv2%2Fcategories&post=26484"},{"taxonomy":"post_tag","embeddable":true,"href":"https:\/\/historiografija.hr\/index.php?rest_route=%2Fwp%2Fv2%2Ftags&post=26484"}],"curies":[{"name":"wp","href":"https:\/\/api.w.org\/{rel}","templated":true}]}}