{"id":26464,"date":"2021-05-28T20:12:33","date_gmt":"2021-05-28T20:12:33","guid":{"rendered":"http:\/\/historiografija.hr\/?p=26464"},"modified":"2021-05-28T20:12:33","modified_gmt":"2021-05-28T20:12:33","slug":"znanstveno-strucna-konferencija-obnova-povijesnog-sredista-zagreba-nakon-potresa","status":"publish","type":"post","link":"https:\/\/historiografija.hr\/?p=26464","title":{"rendered":"Znanstveno-stru\u010dna konferencija \u201cObnova povijesnog sredi\u0161ta Zagreba nakon potresa\u201d"},"content":{"rendered":"\n<p>U organizaciji Znanstvenog vije\u0107a za arhitekturu, urbanizam i ure\u0111enje prostora Hrvatske akademije znanosti i umjetnosti u \u010detvrtak 27. svibnja u pala\u010di HAZU odr\u017eana je znanstveno-stru\u010dna konferencija <em>Obnova povijesnog sredi\u0161ta Zagreba nakon potresa <\/em>na kojoj su, u\u017eivo i putem interneta, sudjelovali arhitekti, povjesni\u010dari umjetnosti, sociolozi, ekonomisti, gra\u0111evinari, geodeti, seizmolozi i eksperti drugih komplementarnih struka kako bi se ukazalo na vi\u0161eslojnost problema obnove. U izlaganjima su razmotreni povijesni i ba\u0161tinski aspekt zagreba\u010dkih potresa 1880. i 2020., budu\u0107e perspektive obnove, iskustva dosada\u0161njeg urbanisti\u010dkog planiranja na podru\u010dju povijesnog sredi\u0161ta Zagreba i smjernice za budu\u0107e postupanje, kao i identitetska pitanja urbaniteta, problemi interpolacija u povijesnom ambijentu, problemi odr\u017eivosti i sigurnosti rekonstrukcije zgrada, teme konzervatorskih ograni\u010denja i kriterija, tretmana javnih prostora, sociolo\u0161ki i ekonomski aspekt te demografski procesi unutar povijesnog sredi\u0161ta grada.<\/p>\n\n\n\n<p>Konferenciju je vodio predsjednik Znanstvenog vije\u0107a za arhitekturu, urbanizam i ure\u0111enje prostora <strong>akademik Branko Kincl<\/strong>, a otvorio ju je predsjednik HAZU <strong>akademik Velimir Neidhardt<\/strong> koji je kazao da potresi otvaraju prilike za novi urbanisti\u010dki razvoj i nove ideje, \u0161to svjedo\u010de primjeri Zagreba 1880., Skoplja 1963., Banja Luka 1969., Dubrovnika&nbsp; i Kotora 1979. \u201eNakon potresa 1880. godine Zagreb je nakon nekoliko stolje\u0107a, od nastanka srednjovjekovnih Gradeca i Kaptola, presko\u010dio prag urbanom modernizacijom. Od srednjovjekovnoga maloga grada periferijskih obilje\u017eja, krajem 19. i po\u010detkom 20. stolje\u0107a izgra\u0111en je suvremeni&nbsp;srednjoeuropski grad \u2013 idealni grad kasnog 19. stolje\u0107a. Bio je to veliki napredak, velik skok u odnosu na dotada\u0161nji grad. Sada, nakon stolje\u0107a i pol, pred novim smo pragom urbane modernizacije. Prilika je, ali i obveza da ga presko\u010dimo. Danas, u o\u010dekivanju tre\u0107e urbane modernizacije Zagreba treba otvoriti tri puta 21. stolje\u0107a, jedan kojim \u0107e se reafirmirati blago Gornjega grada te osuvremeniti i osna\u017eiti povijesni idealni Donji grad s prijeloma 19. i 20. stolje\u0107a, drugi kojim \u0107e se afirmirati i unaprijediti kulturni krajolik Medvednice, te tre\u0107i put koji \u0107e promatrati Zagreb 21. stolje\u0107a kroz novi urbani razvoj. Sva tri puta tra\u017ee istodobno i uskla\u0111eno promi\u0161ljanje i djelovanje. Svaki od njih treba imati svoju jasnu viziju, utkanu u viziju cjeline\u201c, rekao je akademik Neidhardt.<\/p>\n\n\n\n<p><strong><em>Cijeli tekst dostupan je na poveznici:<\/em><\/strong><\/p>\n\n\n\n<figure class=\"wp-block-embed-wordpress wp-block-embed is-type-wp-embed is-provider-hazu\"><div class=\"wp-block-embed__wrapper\">\n<blockquote class=\"wp-embedded-content\" data-secret=\"3rAmdgLToh\"><a href=\"https:\/\/www.info.hazu.hr\/events\/obnova-povijesnog-sredista-zagreba-nakon-potresa\/\">Znanstveno-stru\u010dna konferencija OBNOVA POVIJESNOG SREDI\u0160TA ZAGREBA NAKON POTRESA<\/a><\/blockquote><iframe loading=\"lazy\" class=\"wp-embedded-content\" sandbox=\"allow-scripts\" security=\"restricted\" style=\"position: absolute; clip: rect(1px, 1px, 1px, 1px);\" title=\"&#8220;Znanstveno-stru\u010dna konferencija OBNOVA POVIJESNOG SREDI\u0160TA ZAGREBA NAKON POTRESA&#8221; &#8212; HAZU\" src=\"https:\/\/www.info.hazu.hr\/events\/obnova-povijesnog-sredista-zagreba-nakon-potresa\/embed\/#?secret=3rAmdgLToh\" data-secret=\"3rAmdgLToh\" width=\"600\" height=\"338\" frameborder=\"0\" marginwidth=\"0\" marginheight=\"0\" scrolling=\"no\"><\/iframe>\n<\/div><\/figure>\n\n\n\n<hr class=\"wp-block-separator\"\/>\n","protected":false},"excerpt":{"rendered":"","protected":false},"author":2,"featured_media":26465,"comment_status":"open","ping_status":"open","sticky":false,"template":"","format":"standard","meta":{"_acf_changed":false,"jetpack_post_was_ever_published":false,"_jetpack_newsletter_access":"","_jetpack_dont_email_post_to_subs":false,"_jetpack_newsletter_tier_id":0,"_jetpack_memberships_contains_paywalled_content":false,"_jetpack_memberships_contains_paid_content":false,"footnotes":"","jetpack_publicize_message":"","jetpack_publicize_feature_enabled":true,"jetpack_social_post_already_shared":true,"jetpack_social_options":{"image_generator_settings":{"template":"highway","default_image_id":0,"font":"","enabled":false},"version":2}},"categories":[3,9],"tags":[],"class_list":["post-26464","post","type-post","status-publish","format-standard","has-post-thumbnail","hentry","category-novosti","category-skupovi"],"acf":{"facebook_opis":""},"jetpack_publicize_connections":[],"jetpack_featured_media_url":"https:\/\/i0.wp.com\/historiografija.hr\/wp-content\/uploads\/2021\/05\/potres-skup.jpg?fit=1500%2C840&ssl=1","jetpack_sharing_enabled":true,"jetpack-related-posts":[],"_links":{"self":[{"href":"https:\/\/historiografija.hr\/index.php?rest_route=\/wp\/v2\/posts\/26464","targetHints":{"allow":["GET"]}}],"collection":[{"href":"https:\/\/historiografija.hr\/index.php?rest_route=\/wp\/v2\/posts"}],"about":[{"href":"https:\/\/historiografija.hr\/index.php?rest_route=\/wp\/v2\/types\/post"}],"author":[{"embeddable":true,"href":"https:\/\/historiografija.hr\/index.php?rest_route=\/wp\/v2\/users\/2"}],"replies":[{"embeddable":true,"href":"https:\/\/historiografija.hr\/index.php?rest_route=%2Fwp%2Fv2%2Fcomments&post=26464"}],"version-history":[{"count":1,"href":"https:\/\/historiografija.hr\/index.php?rest_route=\/wp\/v2\/posts\/26464\/revisions"}],"predecessor-version":[{"id":26466,"href":"https:\/\/historiografija.hr\/index.php?rest_route=\/wp\/v2\/posts\/26464\/revisions\/26466"}],"wp:featuredmedia":[{"embeddable":true,"href":"https:\/\/historiografija.hr\/index.php?rest_route=\/wp\/v2\/media\/26465"}],"wp:attachment":[{"href":"https:\/\/historiografija.hr\/index.php?rest_route=%2Fwp%2Fv2%2Fmedia&parent=26464"}],"wp:term":[{"taxonomy":"category","embeddable":true,"href":"https:\/\/historiografija.hr\/index.php?rest_route=%2Fwp%2Fv2%2Fcategories&post=26464"},{"taxonomy":"post_tag","embeddable":true,"href":"https:\/\/historiografija.hr\/index.php?rest_route=%2Fwp%2Fv2%2Ftags&post=26464"}],"curies":[{"name":"wp","href":"https:\/\/api.w.org\/{rel}","templated":true}]}}