{"id":26435,"date":"2021-05-26T19:44:51","date_gmt":"2021-05-26T19:44:51","guid":{"rendered":"http:\/\/historiografija.hr\/?p=26435"},"modified":"2021-05-26T19:44:51","modified_gmt":"2021-05-26T19:44:51","slug":"ivan-tepes-hrvatska-politicka-emigracija-hss","status":"publish","type":"post","link":"https:\/\/historiografija.hr\/?p=26435","title":{"rendered":"Ivan Tepe\u0161, \u201cHrvatska politi\u010dka emigracija \u2013 HSS\u201d"},"content":{"rendered":"\n<p>Na temelju dostupnih izvora, znanstvene literature i publicistike, ova knjiga prikazuje i analizira slabo istra\u017eeno podru\u010dje politi\u010dkog djelovanja Hrvatske selja\u010dke stranke u iseljeni\u0161tvu u razdoblju od zavr\u0161etka Drugoga svjetskog rata 1945. do obnove djelovanja HSS-a u domovini 1989. godine, odnosno prvih demokratskih izbora u Hrvatskoj 1990. godine. Politi\u010dko djelovanje HSS-a promatrano je kronolo\u0161ki s tri aspekta: djelovanje vodstva HSS-a u hrvatskom iseljeni\u0161tvu, suradnja u organizacijama emigranata iz srednje i isto\u010dne Europe koje su djelovale pod politi\u010dkim i financijskim pokroviteljstvom SAD-a te suradnja s drugim politi\u010dkim emigrantima iz Jugoslavije.<\/p>\n\n\n\n<p>Ovom knjigom nastoji se dati historiografski doprinos razumijevanju djelovanja sveukupne hrvatske politi\u010dke emigracije u razdoblju od 1945. do 1990. godine, osobito historiografski doprinos kriti\u010dkom propitkivanju teza temeljenih na dugogodi\u0161njim predrasudama o politi\u010dkoj emigraciji kao isklju\u010divo teroristi\u010dkoj, ekstremnoj i ideolo\u0161ki jednoobraznoj, \u0161to je bio rezultat dugogodi\u0161nje propagande jugoslavenskoga sustava koji su politi\u010dki emigranti poku\u0161avali sru\u0161iti.<\/p>\n\n\n\n<p>Prikazom i analizom djelovanja HSS-a u iseljeni\u0161tvu pridonosi se i boljem razumijevanju politi\u010dkih procesa u Hrvatskoj poslije 1990. godine s obzirom na to da se hrvatsko iseljeni\u0161tvo aktivno uklju\u010dilo u stvaranje suvremene Republike Hrvatske i u njezin politi\u010dki \u017eivot, a pogotovo stoga \u0161to je \u201eRadi\u0107eva ideologija\u201c postala i jedna od temeljnih sastavnica programa Franje Tu\u0111mana i HDZ-a.<\/p>\n\n\n\n<p>broj stranica: 464<\/p>\n\n\n\n<p>godina izdanja: 2021<\/p>\n\n\n\n<p>Izvor:<\/p>\n\n\n\n<p><a href=\"https:\/\/www.agm.hr\/hr\/shop\/hrvatska-politicka-emigracija---hss,799.html\">https:\/\/www.agm.hr\/hr\/shop\/hrvatska-politicka-emigracija&#8212;hss,799.html<\/a><\/p>\n\n\n\n<hr class=\"wp-block-separator\"\/>\n","protected":false},"excerpt":{"rendered":"","protected":false},"author":2,"featured_media":26436,"comment_status":"open","ping_status":"open","sticky":false,"template":"","format":"standard","meta":{"_acf_changed":false,"jetpack_post_was_ever_published":false,"_jetpack_newsletter_access":"","_jetpack_dont_email_post_to_subs":false,"_jetpack_newsletter_tier_id":0,"_jetpack_memberships_contains_paywalled_content":false,"_jetpack_memberships_contains_paid_content":false,"footnotes":"","jetpack_publicize_message":"","jetpack_publicize_feature_enabled":true,"jetpack_social_post_already_shared":true,"jetpack_social_options":{"image_generator_settings":{"template":"highway","default_image_id":0,"font":"","enabled":false},"version":2}},"categories":[8,3],"tags":[],"class_list":["post-26435","post","type-post","status-publish","format-standard","has-post-thumbnail","hentry","category-knjige","category-novosti"],"acf":{"facebook_opis":""},"jetpack_publicize_connections":[],"jetpack_featured_media_url":"https:\/\/i0.wp.com\/historiografija.hr\/wp-content\/uploads\/2021\/05\/Hrv-politicka-emigracija-HSS.jpg?fit=287%2C431&ssl=1","jetpack_sharing_enabled":true,"jetpack-related-posts":[],"_links":{"self":[{"href":"https:\/\/historiografija.hr\/index.php?rest_route=\/wp\/v2\/posts\/26435","targetHints":{"allow":["GET"]}}],"collection":[{"href":"https:\/\/historiografija.hr\/index.php?rest_route=\/wp\/v2\/posts"}],"about":[{"href":"https:\/\/historiografija.hr\/index.php?rest_route=\/wp\/v2\/types\/post"}],"author":[{"embeddable":true,"href":"https:\/\/historiografija.hr\/index.php?rest_route=\/wp\/v2\/users\/2"}],"replies":[{"embeddable":true,"href":"https:\/\/historiografija.hr\/index.php?rest_route=%2Fwp%2Fv2%2Fcomments&post=26435"}],"version-history":[{"count":1,"href":"https:\/\/historiografija.hr\/index.php?rest_route=\/wp\/v2\/posts\/26435\/revisions"}],"predecessor-version":[{"id":26437,"href":"https:\/\/historiografija.hr\/index.php?rest_route=\/wp\/v2\/posts\/26435\/revisions\/26437"}],"wp:featuredmedia":[{"embeddable":true,"href":"https:\/\/historiografija.hr\/index.php?rest_route=\/wp\/v2\/media\/26436"}],"wp:attachment":[{"href":"https:\/\/historiografija.hr\/index.php?rest_route=%2Fwp%2Fv2%2Fmedia&parent=26435"}],"wp:term":[{"taxonomy":"category","embeddable":true,"href":"https:\/\/historiografija.hr\/index.php?rest_route=%2Fwp%2Fv2%2Fcategories&post=26435"},{"taxonomy":"post_tag","embeddable":true,"href":"https:\/\/historiografija.hr\/index.php?rest_route=%2Fwp%2Fv2%2Ftags&post=26435"}],"curies":[{"name":"wp","href":"https:\/\/api.w.org\/{rel}","templated":true}]}}