{"id":26430,"date":"2021-05-26T19:25:26","date_gmt":"2021-05-26T19:25:26","guid":{"rendered":"http:\/\/historiografija.hr\/?p=26430"},"modified":"2021-05-26T19:25:26","modified_gmt":"2021-05-26T19:25:26","slug":"miro-kovac-u-labirintu-versajsko-vidovdanske-jugoslavije-hrvatsko-pitanje-u-ocima-francuske-politike-1914-1929","status":"publish","type":"post","link":"https:\/\/historiografija.hr\/?p=26430","title":{"rendered":"Miro Kova\u010d, \u201cU labirintu versajsko-vidovdanske Jugoslavije. Hrvatsko pitanje u o\u010dima francuske politike, 1914.-1929.\u201c"},"content":{"rendered":"\n<p>Autor \u017eivim jezikom do\u010darava ozra\u010dje djelovanja francuske vanjske politike prema jugoistoku Europe u razdoblju od izbijanja Prvoga svjetskog rata do po\u010detka velike svjetske gospodarske krize na kraju tre\u0107ega desetlje\u0107a pro\u0161log stolje\u0107a.<\/p>\n\n\n\n<p>&nbsp;&nbsp;&nbsp; Godina izdanja: 2021<\/p>\n\n\n\n<p>&nbsp;&nbsp;&nbsp; Izdanje: 1.<\/p>\n\n\n\n<p>&nbsp;&nbsp;&nbsp; Broj stranica: 359<\/p>\n\n\n\n<p>&nbsp;&nbsp;&nbsp; Nakladnik: Alfa d.d.<\/p>\n\n\n\n<p>Izvor: <a href=\"https:\/\/www.alfa.hr\/artikl\/info\/60422737a9799d12587013d7\">https:\/\/www.alfa.hr\/artikl\/info\/60422737a9799d12587013d7<\/a><\/p>\n\n\n\n<hr class=\"wp-block-separator\"\/>\n\n\n\n<p>Iz medija:<\/p>\n\n\n\n<p><a href=\"https:\/\/www.vecernji.hr\/premium\/hrvati-su-kao-nacija-sazreli-tek-u-prvoj-jugoslaviji-to-sam-prezentirao-i-tudmanu-koji-se-slozio-1476161\">https:\/\/www.vecernji.hr\/premium\/hrvati-su-kao-nacija-sazreli-tek-u-prvoj-jugoslaviji-to-sam-prezentirao-i-tudmanu-koji-se-slozio-1476161<\/a><\/p>\n\n\n\n<p><a href=\"https:\/\/www.jutarnji.hr\/vijesti\/hrvatska\/francuski-obavjestajci-o-stvaranju-jugoslavije-hrvatsko-pitanje-ne-postoji-junacki-srbi-moraju-dobiti-sve-sto-pozele-15073347\">https:\/\/www.jutarnji.hr\/vijesti\/hrvatska\/francuski-obavjestajci-o-stvaranju-jugoslavije-hrvatsko-pitanje-ne-postoji-junacki-srbi-moraju-dobiti-sve-sto-pozele-15073347<\/a><\/p>\n\n\n\n<figure class=\"wp-block-embed-wordpress wp-block-embed is-type-wp-embed is-provider-n-1\"><div class=\"wp-block-embed__wrapper\">\n<blockquote class=\"wp-embedded-content\" data-secret=\"yZ9hl7cXZO\"><a href=\"https:\/\/hr.n1info.com\/video\/newsroom\/miro-kovac-predstavio-je-knjigu-u-labirintu-versajsko-vidovdanske-jugoslavije\/\">Miro Kova\u010d predstavio je knjigu &#8220;U labirintu Versajsko-Vidovdanske Jugoslavije&#8221;<\/a><\/blockquote><iframe loading=\"lazy\" class=\"wp-embedded-content\" sandbox=\"allow-scripts\" security=\"restricted\" style=\"position: absolute; clip: rect(1px, 1px, 1px, 1px);\" title=\"&#8220;Miro Kova\u010d predstavio je knjigu &#8220;U labirintu Versajsko-Vidovdanske Jugoslavije&#8221;&#8221; &#8212; N1\" src=\"https:\/\/hr.n1info.com\/video\/newsroom\/miro-kovac-predstavio-je-knjigu-u-labirintu-versajsko-vidovdanske-jugoslavije\/embed\/#?secret=yZ9hl7cXZO\" data-secret=\"yZ9hl7cXZO\" width=\"600\" height=\"338\" frameborder=\"0\" marginwidth=\"0\" marginheight=\"0\" scrolling=\"no\"><\/iframe>\n<\/div><\/figure>\n\n\n\n<hr class=\"wp-block-separator\"\/>\n","protected":false},"excerpt":{"rendered":"","protected":false},"author":2,"featured_media":26431,"comment_status":"open","ping_status":"open","sticky":false,"template":"","format":"standard","meta":{"_acf_changed":false,"jetpack_post_was_ever_published":false,"_jetpack_newsletter_access":"","_jetpack_dont_email_post_to_subs":false,"_jetpack_newsletter_tier_id":0,"_jetpack_memberships_contains_paywalled_content":false,"_jetpack_memberships_contains_paid_content":false,"footnotes":"","jetpack_publicize_message":"","jetpack_publicize_feature_enabled":true,"jetpack_social_post_already_shared":true,"jetpack_social_options":{"image_generator_settings":{"template":"highway","default_image_id":0,"font":"","enabled":false},"version":2}},"categories":[8,3],"tags":[],"class_list":["post-26430","post","type-post","status-publish","format-standard","has-post-thumbnail","hentry","category-knjige","category-novosti"],"acf":{"facebook_opis":""},"jetpack_publicize_connections":[],"jetpack_featured_media_url":"https:\/\/i0.wp.com\/historiografija.hr\/wp-content\/uploads\/2021\/05\/Kovac.jpg?fit=1420%2C1979&ssl=1","jetpack_sharing_enabled":true,"jetpack-related-posts":[],"_links":{"self":[{"href":"https:\/\/historiografija.hr\/index.php?rest_route=\/wp\/v2\/posts\/26430","targetHints":{"allow":["GET"]}}],"collection":[{"href":"https:\/\/historiografija.hr\/index.php?rest_route=\/wp\/v2\/posts"}],"about":[{"href":"https:\/\/historiografija.hr\/index.php?rest_route=\/wp\/v2\/types\/post"}],"author":[{"embeddable":true,"href":"https:\/\/historiografija.hr\/index.php?rest_route=\/wp\/v2\/users\/2"}],"replies":[{"embeddable":true,"href":"https:\/\/historiografija.hr\/index.php?rest_route=%2Fwp%2Fv2%2Fcomments&post=26430"}],"version-history":[{"count":1,"href":"https:\/\/historiografija.hr\/index.php?rest_route=\/wp\/v2\/posts\/26430\/revisions"}],"predecessor-version":[{"id":26432,"href":"https:\/\/historiografija.hr\/index.php?rest_route=\/wp\/v2\/posts\/26430\/revisions\/26432"}],"wp:featuredmedia":[{"embeddable":true,"href":"https:\/\/historiografija.hr\/index.php?rest_route=\/wp\/v2\/media\/26431"}],"wp:attachment":[{"href":"https:\/\/historiografija.hr\/index.php?rest_route=%2Fwp%2Fv2%2Fmedia&parent=26430"}],"wp:term":[{"taxonomy":"category","embeddable":true,"href":"https:\/\/historiografija.hr\/index.php?rest_route=%2Fwp%2Fv2%2Fcategories&post=26430"},{"taxonomy":"post_tag","embeddable":true,"href":"https:\/\/historiografija.hr\/index.php?rest_route=%2Fwp%2Fv2%2Ftags&post=26430"}],"curies":[{"name":"wp","href":"https:\/\/api.w.org\/{rel}","templated":true}]}}