{"id":26424,"date":"2021-05-25T11:35:02","date_gmt":"2021-05-25T11:35:02","guid":{"rendered":"http:\/\/historiografija.hr\/?p=26424"},"modified":"2021-05-25T11:35:02","modified_gmt":"2021-05-25T11:35:02","slug":"dokumenti-o-drzavnosti-i-politickom-sustavu-rh-1990-2020","status":"publish","type":"post","link":"https:\/\/historiografija.hr\/?p=26424","title":{"rendered":"Dokumenti o dr\u017eavnosti i politi\u010dkom sustavu RH 1990.-2020."},"content":{"rendered":"\n<p>Priredio An\u0111elko Milardovi\u0107<\/p>\n\n\n\n<hr class=\"wp-block-separator\"\/>\n\n\n\n<p>Autor se u knjizi vodi historijsko-genetskom i institucionalnom logikom odabira i strukturiranja klju\u010dnih dokumenata o politi\u010dkome sustavu i dr\u017eavnosti Republike Hrvatske u tridesetogodi\u0161njem razdoblju. Sukladno historijsko-genetskoj pretpostavci, daje se izbor sredi\u0161njih zakona, deklaracija, odluka i zaklju\u010daka na temelju kojih je mogu\u0107e rekonstruirati slijed razvoja politi\u010dkoga sustava i dr\u017eavnosti. Pri tome se autor posvema kre\u0107e unutar sebi mati\u010dne, politi\u010dke znanosti, ne zalaze\u0107i u podru\u010dje historiografije, koja bi ovoj temi mo\u017eda druk\u010dije pristupila. Upravo zbog politolo\u0161kog utemeljenja autorovih napora oko ove teme, va\u017ena je i institucionalna dimenzija cijeloga poduhvata, koja upravo u institucijama te klju\u010dnim pojmovima dr\u017eave, dr\u017eavnosti i politi\u010dkoga sustava oblikuje svoj pristup politi\u010dkome u poku\u0161aju rasvjetljivanja mno\u0161tva doga\u0111aja koji su presudno odredili hrvatsku politi\u010dku povijest u zadnja tri desetlje\u0107a.\u00a0<\/p>\n\n\n\n<hr class=\"wp-block-separator\"\/>\n\n\n\n<p>broj stranica: 602<\/p>\n\n\n\n<p>godina izdanja: 2021<\/p>\n\n\n\n<hr class=\"wp-block-separator\"\/>\n\n\n\n<p>Izvor:<\/p>\n\n\n\n<p><a href=\"https:\/\/www.agm.hr\/hr\/shop\/dokumenti-o-drzavnosti-i-politickom-sustavu-rh-1990-2020,800.html\">https:\/\/www.agm.hr\/hr\/shop\/dokumenti-o-drzavnosti-i-politickom-sustavu-rh-1990-2020,800.html<\/a><\/p>\n\n\n\n<hr class=\"wp-block-separator\"\/>\n","protected":false},"excerpt":{"rendered":"","protected":false},"author":2,"featured_media":26425,"comment_status":"open","ping_status":"open","sticky":false,"template":"","format":"standard","meta":{"_acf_changed":false,"jetpack_post_was_ever_published":false,"_jetpack_newsletter_access":"","_jetpack_dont_email_post_to_subs":false,"_jetpack_newsletter_tier_id":0,"_jetpack_memberships_contains_paywalled_content":false,"_jetpack_memberships_contains_paid_content":false,"footnotes":"","jetpack_publicize_message":"","jetpack_publicize_feature_enabled":true,"jetpack_social_post_already_shared":true,"jetpack_social_options":{"image_generator_settings":{"template":"highway","default_image_id":0,"font":"","enabled":false},"version":2}},"categories":[8,3],"tags":[],"class_list":["post-26424","post","type-post","status-publish","format-standard","has-post-thumbnail","hentry","category-knjige","category-novosti"],"acf":{"facebook_opis":""},"jetpack_publicize_connections":[],"jetpack_featured_media_url":"https:\/\/i0.wp.com\/historiografija.hr\/wp-content\/uploads\/2021\/05\/Dokumenti-o-drzavnosti.jpg?fit=287%2C431&ssl=1","jetpack_sharing_enabled":true,"jetpack-related-posts":[],"_links":{"self":[{"href":"https:\/\/historiografija.hr\/index.php?rest_route=\/wp\/v2\/posts\/26424","targetHints":{"allow":["GET"]}}],"collection":[{"href":"https:\/\/historiografija.hr\/index.php?rest_route=\/wp\/v2\/posts"}],"about":[{"href":"https:\/\/historiografija.hr\/index.php?rest_route=\/wp\/v2\/types\/post"}],"author":[{"embeddable":true,"href":"https:\/\/historiografija.hr\/index.php?rest_route=\/wp\/v2\/users\/2"}],"replies":[{"embeddable":true,"href":"https:\/\/historiografija.hr\/index.php?rest_route=%2Fwp%2Fv2%2Fcomments&post=26424"}],"version-history":[{"count":1,"href":"https:\/\/historiografija.hr\/index.php?rest_route=\/wp\/v2\/posts\/26424\/revisions"}],"predecessor-version":[{"id":26426,"href":"https:\/\/historiografija.hr\/index.php?rest_route=\/wp\/v2\/posts\/26424\/revisions\/26426"}],"wp:featuredmedia":[{"embeddable":true,"href":"https:\/\/historiografija.hr\/index.php?rest_route=\/wp\/v2\/media\/26425"}],"wp:attachment":[{"href":"https:\/\/historiografija.hr\/index.php?rest_route=%2Fwp%2Fv2%2Fmedia&parent=26424"}],"wp:term":[{"taxonomy":"category","embeddable":true,"href":"https:\/\/historiografija.hr\/index.php?rest_route=%2Fwp%2Fv2%2Fcategories&post=26424"},{"taxonomy":"post_tag","embeddable":true,"href":"https:\/\/historiografija.hr\/index.php?rest_route=%2Fwp%2Fv2%2Ftags&post=26424"}],"curies":[{"name":"wp","href":"https:\/\/api.w.org\/{rel}","templated":true}]}}