{"id":26415,"date":"2021-05-24T17:08:42","date_gmt":"2021-05-24T17:08:42","guid":{"rendered":"http:\/\/historiografija.hr\/?p=26415"},"modified":"2021-05-24T17:08:42","modified_gmt":"2021-05-24T17:08:42","slug":"europe-reframed-regionalisms-sub-state-nationalisms-and-the-redrawing-of-state-borders-in-the-interwar-period","status":"publish","type":"post","link":"https:\/\/historiografija.hr\/?p=26415","title":{"rendered":"Europe reframed: regionalisms, sub-state nationalisms and the redrawing of state borders in the interwar period"},"content":{"rendered":"\n<p>Under the title \u201cEurope reframed: regionalisms, sub-state nationalisms and the redrawing of state borders in the interwar period\u201d this international conference will tackle a variety of topics including self-determination in the interwar years, the construction of de-centralized and subaltern structures, secession and independent states, irredentism and state concurrence, irredentism and dissident minorities, irredentism and emerging states.<\/p>\n\n\n\n<p>The conference will have a panel of 2 Keynote speakers and 13 lecturers who will run through the history of the changing borders of Europe during the interwar period.<\/p>\n\n\n\n<p>Open to the public but registration mandatory \u2013 send an email before 21 May to info@nise.eu<\/p>\n\n\n\n<p><strong>Programm<\/strong><\/p>\n\n\n\n<p>10.50h<br>KEYNOTE 1.<\/p>\n\n\n\n<p>Some notes towards a transnational approach to the history of national movements (19th-20th centuries)<br>X.M. N\u00fa\u00f1ez Seixas<\/p>\n\n\n\n<p>11.30 &#8211; 13.10<br>SESSION 1. Irredentism and Periphery<br>Chaired by Paolo Perri<\/p>\n\n\n\n<p>&#8216;Sub-state nationalisms in Spain and the Rif War (1909 &#8211; 1927)&#8217;<br>A. Iglesias Amor\u00edn.<\/p>\n\n\n\n<p>&#8216;Battlefield, outpost or oasis of peace? Identities, self-government and nationalism(s) in Friuli between 1919 and 1939&#8217;<br>M. Stolfo<\/p>\n\n\n\n<p>&#8216;The Albanian minority question in the League of Nations&#8217;<br>D. Cali<\/p>\n\n\n\n<p>11.30h &#8211; 13.10h<br>SESSION 2. Irredentism and Minorities debated<br>Chaired by Joep Leerssen<\/p>\n\n\n\n<p>&#8216;Peuples et Fronti\u00e8res (Peoples and borders), a Europeanist journal against the Europe of the Treaties (1936-1939)&#8217;<br>S. Carney<\/p>\n\n\n\n<p>&#8216;Four Minority Language Writers in the Aftermath of World War I&#8217;<br>J. Krol<\/p>\n\n\n\n<p>&#8216;Debating Diversity, Minorities and Small Nationhood. Catalan Nationalism in the Interwar Years, 1914-1936&#8217;<br>J. I. Duyster Borreda<\/p>\n\n\n\n<p>&#8216;Farming the nation: agrarian parties and the nationality questions in the aftermath of WWI&#8217;<br>M. Cabo Villaverde<\/p>\n\n\n\n<p>14h<br>KEYNOTE 2.<\/p>\n\n\n\n<p>&#8216;Reframing Europe&#8217;: Languages and nations in interwar period&#8217;<br>F. Zantedeschi<\/p>\n\n\n\n<p>14.40h &#8211; 17h<br>SESSION 3. Diversity and Repression<br>Chaired by Ludger Mees<\/p>\n\n\n\n<p>&#8216;The Turning of the Tide \u2013 Jewish Emancipation and Anti-Semitism in Romania, 1918-1923&#8217;<br>R. Carstocea<\/p>\n\n\n\n<p>&#8216;\u2018Visca Catalunya Lliure!\u2019 Regionalist Battles on the Ramblas in the Immediate Aftermath of WWI&#8217;<br>F. Grafl<\/p>\n\n\n\n<p>&#8216;The Greater Romania and the Hungarian question: the Szeklers of Transylvania&#8217;<br>A. Carteny<\/p>\n\n\n\n<p>14.40h &#8211; 17h<br>SESSION 4. Minorities and Diplomacy<br>Chaired by Xos\u00e9 Manoel N\u00fa\u00f1ez Seixas<\/p>\n\n\n\n<p>&#8216;The dilemma of dual loyalty. Werner Hasselblatt and the rise and failure of Baltic German minority politics in the inter-war period&#8217;<br>J. Hackmann<\/p>\n\n\n\n<p>&#8216;Legal guarantees of the League of Nations in the protection of minorities&#8217;<br>L. Kalaja<\/p>\n\n\n\n<p>&#8216;Proto-diplomacy across the Mediterranean: the Catalan participation in the first congresses of Byzantine Studies in South-Eastern Europe during the interwar period&#8217;<br>L. Mallart<\/p>\n\n\n\n<p><strong>Kontakt<\/strong><\/p>\n\n\n\n<p>eva.bidania@nise.eu<\/p>\n\n\n\n<hr class=\"wp-block-separator\"\/>\n\n\n\n<figure class=\"wp-block-embed-wordpress wp-block-embed is-type-wp-embed is-provider-nise-national-movements-and-intermediary-structures-in-europe\"><div class=\"wp-block-embed__wrapper\">\n<blockquote class=\"wp-embedded-content\" data-secret=\"Gx9jNuj7cm\"><a href=\"http:\/\/www.nise.eu\/\">Home<\/a><\/blockquote><iframe loading=\"lazy\" class=\"wp-embedded-content\" sandbox=\"allow-scripts\" security=\"restricted\" style=\"position: absolute; clip: rect(1px, 1px, 1px, 1px);\" title=\"&#8220;Home&#8221; &#8212; NISE | National movements and Intermediary Structures in Europe\" src=\"http:\/\/www.nise.eu\/embed\/#?secret=Gx9jNuj7cm\" data-secret=\"Gx9jNuj7cm\" width=\"600\" height=\"338\" frameborder=\"0\" marginwidth=\"0\" marginheight=\"0\" scrolling=\"no\"><\/iframe>\n<\/div><\/figure>\n\n\n\n<figure class=\"wp-block-embed-wordpress wp-block-embed is-type-wp-embed is-provider-nise-national-movements-and-intermediary-structures-in-europe\"><div class=\"wp-block-embed__wrapper\">\n<blockquote class=\"wp-embedded-content\" data-secret=\"1XfcNx7xHA\"><a href=\"http:\/\/www.nise.eu\/europe-reframed-online-conference-28-may-2021\/\">&#8220;Europe Reframed&#8221; online conference &#8211; 28 May 2021<\/a><\/blockquote><iframe loading=\"lazy\" class=\"wp-embedded-content\" sandbox=\"allow-scripts\" security=\"restricted\" style=\"position: absolute; clip: rect(1px, 1px, 1px, 1px);\" title=\"&#8220;&#8220;Europe Reframed&#8221; online conference &#8211; 28 May 2021&#8221; &#8212; NISE | National movements and Intermediary Structures in Europe\" src=\"http:\/\/www.nise.eu\/europe-reframed-online-conference-28-may-2021\/embed\/#?secret=1XfcNx7xHA\" data-secret=\"1XfcNx7xHA\" width=\"600\" height=\"338\" frameborder=\"0\" marginwidth=\"0\" marginheight=\"0\" scrolling=\"no\"><\/iframe>\n<\/div><\/figure>\n\n\n\n<p><a href=\"https:\/\/www.hsozkult.de\/event\/id\/event-97732\">https:\/\/www.hsozkult.de\/event\/id\/event-97732<\/a><\/p>\n\n\n\n<hr class=\"wp-block-separator\"\/>\n","protected":false},"excerpt":{"rendered":"","protected":false},"author":2,"featured_media":26416,"comment_status":"open","ping_status":"open","sticky":false,"template":"","format":"standard","meta":{"_acf_changed":false,"jetpack_post_was_ever_published":false,"_jetpack_newsletter_access":"","_jetpack_dont_email_post_to_subs":false,"_jetpack_newsletter_tier_id":0,"_jetpack_memberships_contains_paywalled_content":false,"_jetpack_memberships_contains_paid_content":false,"footnotes":"","jetpack_publicize_message":"","jetpack_publicize_feature_enabled":true,"jetpack_social_post_already_shared":true,"jetpack_social_options":{"image_generator_settings":{"template":"highway","default_image_id":0,"font":"","enabled":false},"version":2}},"categories":[3,9],"tags":[],"class_list":["post-26415","post","type-post","status-publish","format-standard","has-post-thumbnail","hentry","category-novosti","category-skupovi"],"acf":{"facebook_opis":""},"jetpack_publicize_connections":[],"jetpack_featured_media_url":"https:\/\/i0.wp.com\/historiografija.hr\/wp-content\/uploads\/2021\/05\/cover-w-logos.png?fit=212%2C300&ssl=1","jetpack_sharing_enabled":true,"jetpack-related-posts":[],"_links":{"self":[{"href":"https:\/\/historiografija.hr\/index.php?rest_route=\/wp\/v2\/posts\/26415","targetHints":{"allow":["GET"]}}],"collection":[{"href":"https:\/\/historiografija.hr\/index.php?rest_route=\/wp\/v2\/posts"}],"about":[{"href":"https:\/\/historiografija.hr\/index.php?rest_route=\/wp\/v2\/types\/post"}],"author":[{"embeddable":true,"href":"https:\/\/historiografija.hr\/index.php?rest_route=\/wp\/v2\/users\/2"}],"replies":[{"embeddable":true,"href":"https:\/\/historiografija.hr\/index.php?rest_route=%2Fwp%2Fv2%2Fcomments&post=26415"}],"version-history":[{"count":1,"href":"https:\/\/historiografija.hr\/index.php?rest_route=\/wp\/v2\/posts\/26415\/revisions"}],"predecessor-version":[{"id":26417,"href":"https:\/\/historiografija.hr\/index.php?rest_route=\/wp\/v2\/posts\/26415\/revisions\/26417"}],"wp:featuredmedia":[{"embeddable":true,"href":"https:\/\/historiografija.hr\/index.php?rest_route=\/wp\/v2\/media\/26416"}],"wp:attachment":[{"href":"https:\/\/historiografija.hr\/index.php?rest_route=%2Fwp%2Fv2%2Fmedia&parent=26415"}],"wp:term":[{"taxonomy":"category","embeddable":true,"href":"https:\/\/historiografija.hr\/index.php?rest_route=%2Fwp%2Fv2%2Fcategories&post=26415"},{"taxonomy":"post_tag","embeddable":true,"href":"https:\/\/historiografija.hr\/index.php?rest_route=%2Fwp%2Fv2%2Ftags&post=26415"}],"curies":[{"name":"wp","href":"https:\/\/api.w.org\/{rel}","templated":true}]}}