{"id":26409,"date":"2021-05-24T16:30:57","date_gmt":"2021-05-24T16:30:57","guid":{"rendered":"http:\/\/historiografija.hr\/?p=26409"},"modified":"2021-05-24T16:30:57","modified_gmt":"2021-05-24T16:30:57","slug":"menno-metselaar-piet-van-ledden-sve-o-anne-frank","status":"publish","type":"post","link":"https:\/\/historiografija.hr\/?p=26409","title":{"rendered":"Menno Metselaar, Piet van Ledden, \u201eSve o Anne Frank\u201c"},"content":{"rendered":"\n<p><strong>\u017divotna pri\u010da Anne Frank, s odgovorima na \u010desto postavljana pitanja i prekrasnim ilustracijama Hucka Scarryja.<\/strong><\/p>\n\n\n\n<p>Opremljena velikim brojem originalnih fotografija i umjetni\u010dkih ilustracija, Sve o Anne Frank nefikcionalna je knjiga za djecu i mlade koja donosi \u017eivotnu pri\u010du Anne Frank od njezina ro\u0111enja 1929. u Frankfurtu do smrti u koncentracijskom logoru Bergen-Belsen po\u010detkom 1945.<\/p>\n\n\n\n<p>Knjiga se temelji na dnevniku Anne Frank, sa\u010duvanoj korespondenciji, iskazima svjedoka i rezultatima istra\u017eivanja, ali donosi i mno\u0161tvo dosad neobjavljenih povijesnih materijala. Knjiga \u2013 koja je dobila certifikat Zaklade Anne Frank i brojnih knji\u017enica i udruga koje se bave poticanjem \u010ditanja kod djece i mladih \u2013 stavlja Anninu pri\u010du u \u0161iri povijesni kontekst, a svojom interaktivnom koncepcijom paralelno s pri\u010dom Anne Frank daje i brojna obja\u0161njenja povijesnih pojmova, doga\u0111aja i stvarnih li\u010dnosti. Autori su u njoj poku\u0161ali odgovoriti na pitanja \u0161to ih djeca i mladi postavljaju prilikom posjeta Ku\u0107i Anne Frank (npr. Za\u0161to je Hitler mrzio \u017didove? Gdje le\u017ee uzroci holokausta? Tko je izdao Anne? Je li ljudima koji su se skrivali bilo dosadno?) i ujedno upozoriti mlade ljude na opasnosti koje nosi antisemitizam, rasizam, diskriminacija i ukazati im na va\u017enost slobode, jednakih prava i demokracije.<\/p>\n\n\n\n<p>Knjigu je osmislila Zaklada Anne Frank koja je osnovana je 1957. godine u suradnji s Ottom Frankom, Anninim ocem. Zaklada je posve\u0107ena o\u010duvanju zgrade u Prinsengrachtu 263 u Amsterdamu, gdje su se obitelj Frank i drugi skrivali tijekom Drugog svjetskog rata. Od 1960. godine zgrada, poznata kao Ku\u0107a Anne Frank, otvorena je za javnost kao muzej. Menno Metselaar radi u Ku\u0107i Anne Frank od 1990. i tijekom godina op\u0161irno je pisao o Anne Frank, njezinu dnevniku i tajnom skrovi\u0161tu za razli\u010dite dobne skupine, doprinose\u0107i izradi raznih publikacija, putuju\u0107ih izlo\u017ebi i obrazovnih materijala.<\/p>\n\n\n\n<hr class=\"wp-block-separator\"\/>\n\n\n\n<p>Nakladnik: Naklada Ljevak<\/p>\n\n\n\n<p>Jezik: hrvatski<\/p>\n\n\n\n<p>Broj stranica: 72<\/p>\n\n\n\n<p>Godina izdanja: 2021<\/p>\n\n\n\n<p>Prevoditelj: Svetlana Grubi\u0107 Samar\u017eija<\/p>\n\n\n\n<hr class=\"wp-block-separator\"\/>\n\n\n\n<p>Izvor: <a href=\"https:\/\/www.ljevak.hr\/djeca-i-mladi\/26451-sve-o-anne-frank.html\">https:\/\/www.ljevak.hr\/djeca-i-mladi\/26451-sve-o-anne-frank.html<\/a><\/p>\n\n\n\n<hr class=\"wp-block-separator\"\/>\n","protected":false},"excerpt":{"rendered":"","protected":false},"author":2,"featured_media":26410,"comment_status":"open","ping_status":"open","sticky":false,"template":"","format":"standard","meta":{"_acf_changed":false,"jetpack_post_was_ever_published":false,"_jetpack_newsletter_access":"","_jetpack_dont_email_post_to_subs":false,"_jetpack_newsletter_tier_id":0,"_jetpack_memberships_contains_paywalled_content":false,"_jetpack_memberships_contains_paid_content":false,"footnotes":"","jetpack_publicize_message":"","jetpack_publicize_feature_enabled":true,"jetpack_social_post_already_shared":true,"jetpack_social_options":{"image_generator_settings":{"template":"highway","default_image_id":0,"font":"","enabled":false},"version":2}},"categories":[8,3],"tags":[],"class_list":["post-26409","post","type-post","status-publish","format-standard","has-post-thumbnail","hentry","category-knjige","category-novosti"],"acf":{"facebook_opis":""},"jetpack_publicize_connections":[],"jetpack_featured_media_url":"https:\/\/i0.wp.com\/historiografija.hr\/wp-content\/uploads\/2021\/05\/sve-o-anne-frank.jpg?fit=570%2C678&ssl=1","jetpack_sharing_enabled":true,"jetpack-related-posts":[],"_links":{"self":[{"href":"https:\/\/historiografija.hr\/index.php?rest_route=\/wp\/v2\/posts\/26409","targetHints":{"allow":["GET"]}}],"collection":[{"href":"https:\/\/historiografija.hr\/index.php?rest_route=\/wp\/v2\/posts"}],"about":[{"href":"https:\/\/historiografija.hr\/index.php?rest_route=\/wp\/v2\/types\/post"}],"author":[{"embeddable":true,"href":"https:\/\/historiografija.hr\/index.php?rest_route=\/wp\/v2\/users\/2"}],"replies":[{"embeddable":true,"href":"https:\/\/historiografija.hr\/index.php?rest_route=%2Fwp%2Fv2%2Fcomments&post=26409"}],"version-history":[{"count":1,"href":"https:\/\/historiografija.hr\/index.php?rest_route=\/wp\/v2\/posts\/26409\/revisions"}],"predecessor-version":[{"id":26411,"href":"https:\/\/historiografija.hr\/index.php?rest_route=\/wp\/v2\/posts\/26409\/revisions\/26411"}],"wp:featuredmedia":[{"embeddable":true,"href":"https:\/\/historiografija.hr\/index.php?rest_route=\/wp\/v2\/media\/26410"}],"wp:attachment":[{"href":"https:\/\/historiografija.hr\/index.php?rest_route=%2Fwp%2Fv2%2Fmedia&parent=26409"}],"wp:term":[{"taxonomy":"category","embeddable":true,"href":"https:\/\/historiografija.hr\/index.php?rest_route=%2Fwp%2Fv2%2Fcategories&post=26409"},{"taxonomy":"post_tag","embeddable":true,"href":"https:\/\/historiografija.hr\/index.php?rest_route=%2Fwp%2Fv2%2Ftags&post=26409"}],"curies":[{"name":"wp","href":"https:\/\/api.w.org\/{rel}","templated":true}]}}