{"id":26406,"date":"2021-05-24T16:21:22","date_gmt":"2021-05-24T16:21:22","guid":{"rendered":"http:\/\/historiografija.hr\/?p=26406"},"modified":"2021-05-24T16:21:22","modified_gmt":"2021-05-24T16:21:22","slug":"naucni-skup-80-godina-od-izbijanja-drugog-svetskog-rata-na-prostoru-jugoslavije-i-stradanja-grada-kragujevca-novi-pomaci-ili-revizija-istorije","status":"publish","type":"post","link":"https:\/\/historiografija.hr\/?p=26406","title":{"rendered":"Nau\u010dni skup \u201c80 godina od izbijanja Drugog svetskog rata na prostoru Jugoslavije i stradanja grada Kragujevca: Novi pomaci ili revizija istorije\u201d"},"content":{"rendered":"\n<p>Institut za noviju istoriju Srbije, Univerzitet u Kragujevcu i Centar za nau\u010dnoistra\u017eiva\u010dki rad SANU organizuju skup povodom 80 godina od izbijanja Drugog svetskog rata na prostoru Jugoslavije i stradanja grada Kragujevca a koji \u0107e se odr\u017eati u Kragujevcu 25. maja 2021.<\/p>\n\n\n\n<hr class=\"wp-block-separator\"\/>\n\n\n\n<p>Izvor i program:<\/p>\n\n\n\n<p><a href=\"https:\/\/www.facebook.com\/INISBGD\/\">https:\/\/www.facebook.com\/INISBGD\/<\/a><\/p>\n\n\n\n<hr class=\"wp-block-separator\"\/>\n\n\n\n<p>Odjeci:<\/p>\n\n\n\n<p>Historiografija.ba<\/p>\n\n\n\n<p><a href=\"https:\/\/www.historiografija.ba\/article.php?id=484\">https:\/\/www.historiografija.ba\/article.php?id=484<\/a><\/p>\n\n\n\n<hr class=\"wp-block-separator\"\/>\n","protected":false},"excerpt":{"rendered":"","protected":false},"author":2,"featured_media":26407,"comment_status":"open","ping_status":"open","sticky":false,"template":"","format":"standard","meta":{"_acf_changed":false,"jetpack_post_was_ever_published":false,"_jetpack_newsletter_access":"","_jetpack_dont_email_post_to_subs":false,"_jetpack_newsletter_tier_id":0,"_jetpack_memberships_contains_paywalled_content":false,"_jetpack_memberships_contains_paid_content":false,"footnotes":"","jetpack_publicize_message":"","jetpack_publicize_feature_enabled":true,"jetpack_social_post_already_shared":true,"jetpack_social_options":{"image_generator_settings":{"template":"highway","default_image_id":0,"font":"","enabled":false},"version":2}},"categories":[3,9],"tags":[],"class_list":["post-26406","post","type-post","status-publish","format-standard","has-post-thumbnail","hentry","category-novosti","category-skupovi"],"acf":{"facebook_opis":""},"jetpack_publicize_connections":[],"jetpack_featured_media_url":"https:\/\/i0.wp.com\/historiografija.hr\/wp-content\/uploads\/2021\/05\/Kragujevac.png?fit=791%2C791&ssl=1","jetpack_sharing_enabled":true,"jetpack-related-posts":[],"_links":{"self":[{"href":"https:\/\/historiografija.hr\/index.php?rest_route=\/wp\/v2\/posts\/26406","targetHints":{"allow":["GET"]}}],"collection":[{"href":"https:\/\/historiografija.hr\/index.php?rest_route=\/wp\/v2\/posts"}],"about":[{"href":"https:\/\/historiografija.hr\/index.php?rest_route=\/wp\/v2\/types\/post"}],"author":[{"embeddable":true,"href":"https:\/\/historiografija.hr\/index.php?rest_route=\/wp\/v2\/users\/2"}],"replies":[{"embeddable":true,"href":"https:\/\/historiografija.hr\/index.php?rest_route=%2Fwp%2Fv2%2Fcomments&post=26406"}],"version-history":[{"count":1,"href":"https:\/\/historiografija.hr\/index.php?rest_route=\/wp\/v2\/posts\/26406\/revisions"}],"predecessor-version":[{"id":26408,"href":"https:\/\/historiografija.hr\/index.php?rest_route=\/wp\/v2\/posts\/26406\/revisions\/26408"}],"wp:featuredmedia":[{"embeddable":true,"href":"https:\/\/historiografija.hr\/index.php?rest_route=\/wp\/v2\/media\/26407"}],"wp:attachment":[{"href":"https:\/\/historiografija.hr\/index.php?rest_route=%2Fwp%2Fv2%2Fmedia&parent=26406"}],"wp:term":[{"taxonomy":"category","embeddable":true,"href":"https:\/\/historiografija.hr\/index.php?rest_route=%2Fwp%2Fv2%2Fcategories&post=26406"},{"taxonomy":"post_tag","embeddable":true,"href":"https:\/\/historiografija.hr\/index.php?rest_route=%2Fwp%2Fv2%2Ftags&post=26406"}],"curies":[{"name":"wp","href":"https:\/\/api.w.org\/{rel}","templated":true}]}}