{"id":26402,"date":"2021-05-24T16:02:40","date_gmt":"2021-05-24T16:02:40","guid":{"rendered":"http:\/\/historiografija.hr\/?p=26402"},"modified":"2021-05-24T16:04:33","modified_gmt":"2021-05-24T16:04:33","slug":"izlozba-doba-vikinga-domacica-ratnica-i-vidovnjakinja","status":"publish","type":"post","link":"https:\/\/historiografija.hr\/?p=26402","title":{"rendered":"Izlo\u017eba \u201cDoba vikinga \u2013 doma\u0107ica, ratnica i vidovnjakinja\u201d"},"content":{"rendered":"\n<p><strong>25. svibnja \u2013 5. lipnja 2021.<\/strong><strong><br><br>Galerija AMZ, Pavla Hatza 6<\/strong><\/p>\n\n\n\n<p><strong>25. 5. 2021. izlo\u017eba se mo\u017ee razgledati od 19 sati<\/strong><\/p>\n\n\n\n<p>Rijetka su razdoblja ljudske povijesti toliko privla\u010dila pa\u017enju i poticala ma\u0161tu kao doba Vikinga, ali na\u0161e predod\u017eba Vikinga \u010desto podrazumijevaju mu\u0161karca ratnika. No, u to doba i \u017eene su bile vikin\u0161ke ratnice i odlazile u rat ravnopravno s mu\u0161karcima. Neke su bile i doma\u0107ice sa zakonitim pravom da upravljaju doma\u0107instvom i poljoprivrednim imanjem. Mogle su biti i vidovnjakinje koje su ljudima prenosile volju bogova i predvi\u0111ale budu\u0107nost ili pak fascinantne vikin\u0161ke kraljice. A u nordijskoj mitologiji vi\u0161e je i bo\u017eica no bogova. Bez svih tih \u017eena, vikin\u0161ko doba kakvog znamo uop\u0107e ne bi postojalo. Ova izlo\u017eba prikazuje pri\u010de o razli\u010ditim \u017eenama iz ovog zanimljivog razdoblja.<\/p>\n\n\n\n<hr class=\"wp-block-separator\"\/>\n\n\n\n<p>ZOOM PREDAVANJE na engleskom jeziku<br><strong>The Viking Age &#8211; Housewife, warrior and seeress<\/strong> Predava\u010d: Eric \u00d6stergren, The Viking Museum Stockholm<\/p>\n\n\n\n<p>putem linka<\/p>\n\n\n\n<p><a href=\"https:\/\/zoom.us\/j\/94508120494\">https:\/\/zoom.us\/j\/94508120494<\/a><\/p>\n\n\n\n<p>u utorak, 25. 05. 2021., u 18:00h<\/p>\n\n\n\n<hr class=\"wp-block-separator\"\/>\n\n\n\n<p>Autor izlo\u017ebe: <a href=\"https:\/\/thevikingmuseum.com\/en\/\" target=\"_blank\" rel=\"noreferrer noopener\">The Viking Museum Stockholm<\/a><\/p>\n\n\n\n<p>Organizatori izlo\u017ebe: Arheolo\u0161ki muzej u Zagrebu, Veleposlanstvo \u0160vedske Zagreb<\/p>\n\n\n\n<p>Kustos izlo\u017ebe: Ozren Domiter<\/p>\n\n\n\n<p>Tehni\u010dka realizacija: Ivan Troha (AMZ), Porin \u0160\u0107ukanec-Rezni\u010dek (AMZ)<\/p>\n\n\n\n<p>Ure\u0111ivanje multimedijalnog sadr\u017eaja: Igor Krajcar (AMZ)<\/p>\n\n\n\n<p>Grafi\u010dko oblikovanje: Sre\u0107ko \u0160krinjari\u0107 (AMZ)<\/p>\n\n\n\n<p>Koordinacija doga\u0111anja: Mirna Juri\u0107 (Veleposlanstvo \u0160vedske Zagreb), Anne Charlotte Ytter (The Viking Museum), Ozren Domiter (AMZ)<\/p>\n\n\n\n<p>Prijevod na hrvatski jezik: Irena \u0160karica, Mirna Juri\u0107 (Veleposlanstvo \u0160vedske Zagreb), Ozren Domiter (AMZ)<\/p>\n\n\n\n<p><em>Foto:<\/em><br><em>\u00a9 The Viking Museum Stockholm<\/em><\/p>\n\n\n\n<hr class=\"wp-block-separator\"\/>\n\n\n\n<p>Izvor: <a href=\"https:\/\/amz.hr\/hr\/izlozbe\/izlozbe\/doba-vikinga-domacica-ratnica-i-vidovnjakinja\/\">https:\/\/amz.hr\/hr\/izlozbe\/izlozbe\/doba-vikinga-domacica-ratnica-i-vidovnjakinja\/<\/a><\/p>\n\n\n\n<hr class=\"wp-block-separator\"\/>\n","protected":false},"excerpt":{"rendered":"","protected":false},"author":2,"featured_media":26403,"comment_status":"open","ping_status":"open","sticky":false,"template":"","format":"standard","meta":{"_acf_changed":false,"jetpack_post_was_ever_published":false,"_jetpack_newsletter_access":"","_jetpack_dont_email_post_to_subs":false,"_jetpack_newsletter_tier_id":0,"_jetpack_memberships_contains_paywalled_content":false,"_jetpack_memberships_contains_paid_content":false,"footnotes":"","jetpack_publicize_message":"","jetpack_publicize_feature_enabled":true,"jetpack_social_post_already_shared":true,"jetpack_social_options":{"image_generator_settings":{"template":"highway","default_image_id":0,"font":"","enabled":false},"version":2}},"categories":[10,3],"tags":[],"class_list":["post-26402","post","type-post","status-publish","format-standard","has-post-thumbnail","hentry","category-izlozbe","category-novosti"],"acf":{"facebook_opis":""},"jetpack_publicize_connections":[],"jetpack_featured_media_url":"https:\/\/i0.wp.com\/historiografija.hr\/wp-content\/uploads\/2021\/05\/djevojcica-koja-drzi-mac.jpg?fit=250%2C333&ssl=1","jetpack_sharing_enabled":true,"jetpack-related-posts":[],"_links":{"self":[{"href":"https:\/\/historiografija.hr\/index.php?rest_route=\/wp\/v2\/posts\/26402","targetHints":{"allow":["GET"]}}],"collection":[{"href":"https:\/\/historiografija.hr\/index.php?rest_route=\/wp\/v2\/posts"}],"about":[{"href":"https:\/\/historiografija.hr\/index.php?rest_route=\/wp\/v2\/types\/post"}],"author":[{"embeddable":true,"href":"https:\/\/historiografija.hr\/index.php?rest_route=\/wp\/v2\/users\/2"}],"replies":[{"embeddable":true,"href":"https:\/\/historiografija.hr\/index.php?rest_route=%2Fwp%2Fv2%2Fcomments&post=26402"}],"version-history":[{"count":2,"href":"https:\/\/historiografija.hr\/index.php?rest_route=\/wp\/v2\/posts\/26402\/revisions"}],"predecessor-version":[{"id":26405,"href":"https:\/\/historiografija.hr\/index.php?rest_route=\/wp\/v2\/posts\/26402\/revisions\/26405"}],"wp:featuredmedia":[{"embeddable":true,"href":"https:\/\/historiografija.hr\/index.php?rest_route=\/wp\/v2\/media\/26403"}],"wp:attachment":[{"href":"https:\/\/historiografija.hr\/index.php?rest_route=%2Fwp%2Fv2%2Fmedia&parent=26402"}],"wp:term":[{"taxonomy":"category","embeddable":true,"href":"https:\/\/historiografija.hr\/index.php?rest_route=%2Fwp%2Fv2%2Fcategories&post=26402"},{"taxonomy":"post_tag","embeddable":true,"href":"https:\/\/historiografija.hr\/index.php?rest_route=%2Fwp%2Fv2%2Ftags&post=26402"}],"curies":[{"name":"wp","href":"https:\/\/api.w.org\/{rel}","templated":true}]}}