{"id":26394,"date":"2021-05-21T19:13:46","date_gmt":"2021-05-21T19:13:46","guid":{"rendered":"http:\/\/historiografija.hr\/?p=26394"},"modified":"2021-05-21T19:16:16","modified_gmt":"2021-05-21T19:16:16","slug":"historiografsko-misljenje-tony-judt-o-privlacnosti-kliseja-da-su-povjesnicari-filozofi-koji-poducavaju-uz-pomoc-primjera","status":"publish","type":"post","link":"https:\/\/historiografija.hr\/?p=26394","title":{"rendered":"Historiografsko mi\u0161ljenje: Tony Judt o privla\u010dnosti kli\u0161eja da su povjesni\u010dari filozofi koji podu\u010davaju uz pomo\u0107 primjera"},"content":{"rendered":"\n<p>\u201c (\u2026) od svih kli\u0161ea vezanih za \u201cIstoriju\u201d najvi\u0161e me je privla\u010dila tvrdnja da istori\u010dari nisu ni\u0161ta drugo do filozofi koji podu\u010davaju pomo\u0107u primera. (\u2026) Prednost moje profesije le\u017ei u tome \u0161to imam pri\u010du u koju mogu da umetnem primer, detalj, ilustraciju. Kao istori\u010dar koji se bavi posleratnim svetom i u ti\u0161ini preispituje detalje sopstvenog \u017eivota u tom vremenu, imam to preimu\u0107stvo \u0161to mogu da pletem narativ koji i povezuje i doteruje ina\u010de rascepkana se\u0107anja. Direktnije re\u010deno, ja se od mnogih drugih koji \u2013 kako moja skora\u0161nja prepiska pokazuje \u2013 imaju sli\u010dne uspomene, razlikujem po tome \u0161to mogu da ih koristim na raznovrsne na\u010dine. Ve\u0107 samo zbog toga smatram sebe sre\u0107nim \u010dovekom.\u201d<\/p>\n\n\n\n<hr class=\"wp-block-separator\"\/>\n\n\n\n<p>Tony Judt, <em>Koliba se\u0107anja<\/em>, Beograd 2010, str. 11 i 13. Izvornik: <em>The Memory Chalet<\/em>.<\/p>\n\n\n\n<hr class=\"wp-block-separator\"\/>\n\n\n\n<figure class=\"wp-block-image size-large\"><img data-recalc-dims=\"1\" loading=\"lazy\" decoding=\"async\" width=\"860\" height=\"585\" data-attachment-id=\"26395\" data-permalink=\"https:\/\/historiografija.hr\/?attachment_id=26395\" data-orig-file=\"https:\/\/i0.wp.com\/historiografija.hr\/wp-content\/uploads\/2021\/05\/Koliba-secanja.jpg?fit=2560%2C1742&amp;ssl=1\" data-orig-size=\"2560,1742\" data-comments-opened=\"1\" data-image-meta=\"{&quot;aperture&quot;:&quot;0&quot;,&quot;credit&quot;:&quot;&quot;,&quot;camera&quot;:&quot;&quot;,&quot;caption&quot;:&quot;&quot;,&quot;created_timestamp&quot;:&quot;0&quot;,&quot;copyright&quot;:&quot;&quot;,&quot;focal_length&quot;:&quot;0&quot;,&quot;iso&quot;:&quot;0&quot;,&quot;shutter_speed&quot;:&quot;0&quot;,&quot;title&quot;:&quot;&quot;,&quot;orientation&quot;:&quot;0&quot;}\" data-image-title=\"Koliba-secanja\" data-image-description=\"\" data-image-caption=\"\" data-large-file=\"https:\/\/i0.wp.com\/historiografija.hr\/wp-content\/uploads\/2021\/05\/Koliba-secanja.jpg?fit=860%2C585&amp;ssl=1\" src=\"https:\/\/i0.wp.com\/historiografija.hr\/wp-content\/uploads\/2021\/05\/Koliba-secanja.jpg?resize=860%2C585&#038;ssl=1\" alt=\"\" class=\"wp-image-26395\" srcset=\"https:\/\/i0.wp.com\/historiografija.hr\/wp-content\/uploads\/2021\/05\/Koliba-secanja.jpg?resize=1024%2C697&amp;ssl=1 1024w, https:\/\/i0.wp.com\/historiografija.hr\/wp-content\/uploads\/2021\/05\/Koliba-secanja.jpg?resize=300%2C204&amp;ssl=1 300w, https:\/\/i0.wp.com\/historiografija.hr\/wp-content\/uploads\/2021\/05\/Koliba-secanja.jpg?resize=768%2C523&amp;ssl=1 768w, https:\/\/i0.wp.com\/historiografija.hr\/wp-content\/uploads\/2021\/05\/Koliba-secanja.jpg?resize=1536%2C1045&amp;ssl=1 1536w, https:\/\/i0.wp.com\/historiografija.hr\/wp-content\/uploads\/2021\/05\/Koliba-secanja.jpg?resize=2048%2C1394&amp;ssl=1 2048w, https:\/\/i0.wp.com\/historiografija.hr\/wp-content\/uploads\/2021\/05\/Koliba-secanja.jpg?w=1720&amp;ssl=1 1720w\" sizes=\"auto, (max-width: 860px) 100vw, 860px\" \/><\/figure>\n\n\n\n<hr class=\"wp-block-separator\"\/>\n","protected":false},"excerpt":{"rendered":"","protected":false},"author":2,"featured_media":26395,"comment_status":"open","ping_status":"open","sticky":false,"template":"","format":"standard","meta":{"_acf_changed":false,"jetpack_post_was_ever_published":false,"_jetpack_newsletter_access":"","_jetpack_dont_email_post_to_subs":false,"_jetpack_newsletter_tier_id":0,"_jetpack_memberships_contains_paywalled_content":false,"_jetpack_memberships_contains_paid_content":false,"footnotes":"","jetpack_publicize_message":"","jetpack_publicize_feature_enabled":true,"jetpack_social_post_already_shared":true,"jetpack_social_options":{"image_generator_settings":{"template":"highway","default_image_id":0,"font":"","enabled":false},"version":2}},"categories":[3,11],"tags":[],"class_list":["post-26394","post","type-post","status-publish","format-standard","has-post-thumbnail","hentry","category-novosti","category-rubrike"],"acf":{"facebook_opis":""},"jetpack_publicize_connections":[],"jetpack_featured_media_url":"https:\/\/i0.wp.com\/historiografija.hr\/wp-content\/uploads\/2021\/05\/Koliba-secanja.jpg?fit=2560%2C1742&ssl=1","jetpack_sharing_enabled":true,"jetpack-related-posts":[],"_links":{"self":[{"href":"https:\/\/historiografija.hr\/index.php?rest_route=\/wp\/v2\/posts\/26394","targetHints":{"allow":["GET"]}}],"collection":[{"href":"https:\/\/historiografija.hr\/index.php?rest_route=\/wp\/v2\/posts"}],"about":[{"href":"https:\/\/historiografija.hr\/index.php?rest_route=\/wp\/v2\/types\/post"}],"author":[{"embeddable":true,"href":"https:\/\/historiografija.hr\/index.php?rest_route=\/wp\/v2\/users\/2"}],"replies":[{"embeddable":true,"href":"https:\/\/historiografija.hr\/index.php?rest_route=%2Fwp%2Fv2%2Fcomments&post=26394"}],"version-history":[{"count":3,"href":"https:\/\/historiografija.hr\/index.php?rest_route=\/wp\/v2\/posts\/26394\/revisions"}],"predecessor-version":[{"id":26398,"href":"https:\/\/historiografija.hr\/index.php?rest_route=\/wp\/v2\/posts\/26394\/revisions\/26398"}],"wp:featuredmedia":[{"embeddable":true,"href":"https:\/\/historiografija.hr\/index.php?rest_route=\/wp\/v2\/media\/26395"}],"wp:attachment":[{"href":"https:\/\/historiografija.hr\/index.php?rest_route=%2Fwp%2Fv2%2Fmedia&parent=26394"}],"wp:term":[{"taxonomy":"category","embeddable":true,"href":"https:\/\/historiografija.hr\/index.php?rest_route=%2Fwp%2Fv2%2Fcategories&post=26394"},{"taxonomy":"post_tag","embeddable":true,"href":"https:\/\/historiografija.hr\/index.php?rest_route=%2Fwp%2Fv2%2Ftags&post=26394"}],"curies":[{"name":"wp","href":"https:\/\/api.w.org\/{rel}","templated":true}]}}