{"id":26390,"date":"2021-05-21T16:29:51","date_gmt":"2021-05-21T16:29:51","guid":{"rendered":"http:\/\/historiografija.hr\/?p=26390"},"modified":"2021-05-21T16:31:12","modified_gmt":"2021-05-21T16:31:12","slug":"poziv-za-prijavu-na-skup-obrazovanje-i-rod-od-emancipacije-do-komodifikacije-dani-marije-juric-zagorke-2021","status":"publish","type":"post","link":"https:\/\/historiografija.hr\/?p=26390","title":{"rendered":"Poziv za prijavu na skup \u201eObrazovanje i rod: od emancipacije do komodifikacije\u201c (Dani Marije Juri\u0107 Zagorke 2021.)"},"content":{"rendered":"\n<p>Centar za \u017eenske studije Zagreb u suradnji s Odsjekom za komparativnu knji\u017eevnost Filozofskog fakulteta u Zagrebu i Odjelom za komunikologiju, medije i novinarstvo Sveu\u010dili\u0161ta Sjever objavljuje Poziv na znanstveno-knji\u017eevni skup s me\u0111unarodnim sudjelovanjem.<\/p>\n\n\n\n<p>Ovogodi\u0161nja tema skupa je <strong>\u201eObrazovanje i rod: od emancipacije do komodifikacije\u201c, <\/strong>a <strong>skup \u0107e se odr\u017eati 26. i 27. studenog 2021. u Zagrebu<\/strong>, u prostorijama Centra za \u017eenske studije\/Memorijalnog stana Marije Juri\u0107 Zagorke, na Dolcu 8.<\/p>\n\n\n\n<p>U prilogu se nalazi Poziv na prijavu izlaganja na Danima Marije Juri\u0107 Zagorke 2021.<\/p>\n\n\n\n<p><strong>Rok za prijavu je 15. rujna 2021.<\/strong><\/p>\n\n\n\n<hr class=\"wp-block-separator\"\/>\n\n\n\n<div class=\"wp-block-file\"><a href=\"https:\/\/historiografija.hr\/wp-content\/uploads\/2021\/05\/DANI-MJZ-2021_poziv.pdf\">DANI-MJZ-2021_poziv<\/a><a href=\"https:\/\/historiografija.hr\/wp-content\/uploads\/2021\/05\/DANI-MJZ-2021_poziv.pdf\" class=\"wp-block-file__button\" download>Preuzmi<\/a><\/div>\n\n\n\n<hr class=\"wp-block-separator\"\/>\n","protected":false},"excerpt":{"rendered":"","protected":false},"author":2,"featured_media":10369,"comment_status":"open","ping_status":"open","sticky":false,"template":"","format":"standard","meta":{"_acf_changed":false,"jetpack_post_was_ever_published":false,"_jetpack_newsletter_access":"","_jetpack_dont_email_post_to_subs":false,"_jetpack_newsletter_tier_id":0,"_jetpack_memberships_contains_paywalled_content":false,"_jetpack_memberships_contains_paid_content":false,"footnotes":"","jetpack_publicize_message":"","jetpack_publicize_feature_enabled":true,"jetpack_social_post_already_shared":true,"jetpack_social_options":{"image_generator_settings":{"template":"highway","default_image_id":0,"font":"","enabled":false},"version":2}},"categories":[3,9],"tags":[],"class_list":["post-26390","post","type-post","status-publish","format-standard","has-post-thumbnail","hentry","category-novosti","category-skupovi"],"acf":{"facebook_opis":""},"jetpack_publicize_connections":[],"jetpack_featured_media_url":"https:\/\/i0.wp.com\/historiografija.hr\/wp-content\/uploads\/2018\/06\/dani-marije-juric-zagorke.jpg?fit=1168%2C524&ssl=1","jetpack_sharing_enabled":true,"jetpack-related-posts":[],"_links":{"self":[{"href":"https:\/\/historiografija.hr\/index.php?rest_route=\/wp\/v2\/posts\/26390","targetHints":{"allow":["GET"]}}],"collection":[{"href":"https:\/\/historiografija.hr\/index.php?rest_route=\/wp\/v2\/posts"}],"about":[{"href":"https:\/\/historiografija.hr\/index.php?rest_route=\/wp\/v2\/types\/post"}],"author":[{"embeddable":true,"href":"https:\/\/historiografija.hr\/index.php?rest_route=\/wp\/v2\/users\/2"}],"replies":[{"embeddable":true,"href":"https:\/\/historiografija.hr\/index.php?rest_route=%2Fwp%2Fv2%2Fcomments&post=26390"}],"version-history":[{"count":2,"href":"https:\/\/historiografija.hr\/index.php?rest_route=\/wp\/v2\/posts\/26390\/revisions"}],"predecessor-version":[{"id":26393,"href":"https:\/\/historiografija.hr\/index.php?rest_route=\/wp\/v2\/posts\/26390\/revisions\/26393"}],"wp:featuredmedia":[{"embeddable":true,"href":"https:\/\/historiografija.hr\/index.php?rest_route=\/wp\/v2\/media\/10369"}],"wp:attachment":[{"href":"https:\/\/historiografija.hr\/index.php?rest_route=%2Fwp%2Fv2%2Fmedia&parent=26390"}],"wp:term":[{"taxonomy":"category","embeddable":true,"href":"https:\/\/historiografija.hr\/index.php?rest_route=%2Fwp%2Fv2%2Fcategories&post=26390"},{"taxonomy":"post_tag","embeddable":true,"href":"https:\/\/historiografija.hr\/index.php?rest_route=%2Fwp%2Fv2%2Ftags&post=26390"}],"curies":[{"name":"wp","href":"https:\/\/api.w.org\/{rel}","templated":true}]}}