{"id":26382,"date":"2021-05-21T16:01:05","date_gmt":"2021-05-21T16:01:05","guid":{"rendered":"http:\/\/historiografija.hr\/?p=26382"},"modified":"2021-05-21T16:03:24","modified_gmt":"2021-05-21T16:03:24","slug":"smisel-je-razumevanje-zgodovine-povabilo","status":"publish","type":"post","link":"https:\/\/historiografija.hr\/?p=26382","title":{"rendered":"Smisel je razumevanje zgodovine &#8211; Povabilo"},"content":{"rendered":"\n<p>Vabimo Vas na premiero dokumentarnega filma o prvih sto letih Oddelka za zgodovino<\/p>\n\n\n\n<p>Filozofske fakultete Univerze v Ljubljani<\/p>\n\n\n\n<p>SMISEL JE RAZUMEVANJE ZGODOVINE<\/p>\n\n\n\n<p><em>(\u017d. Zwitter, B. Balkovec, B. J. Flaj\u0161man<\/em>)<\/p>\n\n\n\n<p><strong>v ponedeljek, 24. maja 2021, ob 20.00 uri<\/strong>, <a href=\"https:\/\/www.youtube.com\/channel\/UCK_EODBoKSJsi9LA7iE_T1A\" target=\"_blank\" rel=\"noreferrer noopener\">YouTube kanal Oddelek za zgodovino FF UL<\/a>.<\/p>\n\n\n\n<p>O filmu: dokumentarni film <em>Smisel je razumevanje zgodovine<\/em> je nastal leta 2020 v lastni produkciji Oddelka za zgodovino FF UL. Scenarist in re\u017eiser je doc. dr. \u017diga Zwitter, sodelavca sta izr. prof. dr. Bojan Balkovec (sore\u017eija in monta\u017ea) in dr. Bo\u017eidar J. Flaj\u0161man (snemanje, monta\u017ea).<\/p>\n\n\n\n<p><strong>Premieri bo sledil pogovor z ustvarjalci filma<\/strong> (voditeljica dr. Polona Balanti\u010d, v \u017eivo, YouTube kanal Oddelek za zgodovino FF UL).<\/p>\n\n\n\n<p>(Pogovor z avtorji filma bo potekal takoj po predvajanju filma. \u010ce se po filmu na va\u0161em zaslonu ne pojavi znak predvajanja v \u017eivo na na\u0161em YouTube kanalu, osve\u017eite spletno stran.)<\/p>\n\n\n\n<hr class=\"wp-block-separator\"\/>\n\n\n\n<p><a href=\"https:\/\/zgodovina.ff.uni-lj.si\/obvestila\/vabilo-premiera-dokumentarnega-filma-smisel-je-razumevanje-zgodovine\">https:\/\/zgodovina.ff.uni-lj.si\/obvestila\/vabilo-premiera-dokumentarnega-filma-smisel-je-razumevanje-zgodovine<\/a><\/p>\n\n\n\n<hr class=\"wp-block-separator\"\/>\n","protected":false},"excerpt":{"rendered":"","protected":false},"author":2,"featured_media":26383,"comment_status":"open","ping_status":"open","sticky":false,"template":"","format":"standard","meta":{"_acf_changed":false,"jetpack_post_was_ever_published":false,"_jetpack_newsletter_access":"","_jetpack_dont_email_post_to_subs":false,"_jetpack_newsletter_tier_id":0,"_jetpack_memberships_contains_paywalled_content":false,"_jetpack_memberships_contains_paid_content":false,"footnotes":"","jetpack_publicize_message":"","jetpack_publicize_feature_enabled":true,"jetpack_social_post_already_shared":true,"jetpack_social_options":{"image_generator_settings":{"template":"highway","default_image_id":0,"font":"","enabled":false},"version":2}},"categories":[13,3],"tags":[],"class_list":["post-26382","post","type-post","status-publish","format-standard","has-post-thumbnail","hentry","category-filmovi-i-serije","category-novosti"],"acf":{"facebook_opis":""},"jetpack_publicize_connections":[],"jetpack_featured_media_url":"https:\/\/i0.wp.com\/historiografija.hr\/wp-content\/uploads\/2021\/05\/kanal.jpg?fit=320%2C180&ssl=1","jetpack_sharing_enabled":true,"jetpack-related-posts":[],"_links":{"self":[{"href":"https:\/\/historiografija.hr\/index.php?rest_route=\/wp\/v2\/posts\/26382","targetHints":{"allow":["GET"]}}],"collection":[{"href":"https:\/\/historiografija.hr\/index.php?rest_route=\/wp\/v2\/posts"}],"about":[{"href":"https:\/\/historiografija.hr\/index.php?rest_route=\/wp\/v2\/types\/post"}],"author":[{"embeddable":true,"href":"https:\/\/historiografija.hr\/index.php?rest_route=\/wp\/v2\/users\/2"}],"replies":[{"embeddable":true,"href":"https:\/\/historiografija.hr\/index.php?rest_route=%2Fwp%2Fv2%2Fcomments&post=26382"}],"version-history":[{"count":2,"href":"https:\/\/historiografija.hr\/index.php?rest_route=\/wp\/v2\/posts\/26382\/revisions"}],"predecessor-version":[{"id":26385,"href":"https:\/\/historiografija.hr\/index.php?rest_route=\/wp\/v2\/posts\/26382\/revisions\/26385"}],"wp:featuredmedia":[{"embeddable":true,"href":"https:\/\/historiografija.hr\/index.php?rest_route=\/wp\/v2\/media\/26383"}],"wp:attachment":[{"href":"https:\/\/historiografija.hr\/index.php?rest_route=%2Fwp%2Fv2%2Fmedia&parent=26382"}],"wp:term":[{"taxonomy":"category","embeddable":true,"href":"https:\/\/historiografija.hr\/index.php?rest_route=%2Fwp%2Fv2%2Fcategories&post=26382"},{"taxonomy":"post_tag","embeddable":true,"href":"https:\/\/historiografija.hr\/index.php?rest_route=%2Fwp%2Fv2%2Ftags&post=26382"}],"curies":[{"name":"wp","href":"https:\/\/api.w.org\/{rel}","templated":true}]}}