{"id":26379,"date":"2021-05-21T15:49:00","date_gmt":"2021-05-21T15:49:00","guid":{"rendered":"http:\/\/historiografija.hr\/?p=26379"},"modified":"2021-05-21T15:49:00","modified_gmt":"2021-05-21T15:49:00","slug":"daruvar-u-srednjem-vijeku","status":"publish","type":"post","link":"https:\/\/historiografija.hr\/?p=26379","title":{"rendered":"&#8220;Daruvar u srednjem vijeku&#8221;"},"content":{"rendered":"\n<p>U nakladi Dru\u017ebe &#8220;Bra\u0107a Hrvatskog Zmaja&#8221;, \u010diji je sunakladnik\u00a0DBHZ &#8211; Zmajski stol Bjelovar, iza\u0161la je manja znanstvena monografija dr. sc. \u017deljka Karaule pod naslovom &#8220;Daruvar u srednjem vijeku&#8221;. To je knji\u017eica koja na neki na\u010din prethodi voluminoznoj monografiji Grada Daruvara koja izlazi za nekoliko mjeseci (u okviru projekta Zavoda HAZU Bjelovar &#8211; Povijest Gradova Bjelovarsko-bilogorske \u017eupanije &#8211; a \u010diji su urednici upravitelj Zavoda prof. dr. sc. V. Strugar i njegov voditelj prof. dr. sc. S. Ka\u0161tela). Sve ove knjige koje su iza\u0161le ili su pred izlaskom zna\u010de svojevrsnu renesansu daruvarske lokalne historiografije zadnjih godina posebno uz periodi\u010dni \u010dasopis sada ve\u0107 europskog ranga &#8220;Zbornik Jankovi\u0107&#8221; koji izdaje ogranak MH Daruvar, a dostupan je na stranicama HR\u010cKA, CEEOL i drugih svjetskih baza. Recenzenti knjige su mr. sc. Ranko Pavle\u0161 i dr. sc. Franko Miro\u0161evi\u0107.<\/p>\n\n\n\n<hr class=\"wp-block-separator\"\/>\n\n\n\n<p>Izdvajamo iz recenzije dr. sc. Franka Miro\u0161evi\u0107a za knji\u017eicu &#8220;Daruvar u srednjem vijeku&#8221;:<br><\/p>\n\n\n\n<p>Uz prethodna poglavlja ove knjige koja slu\u017ee kao svojevrsni uvod poglavlje &#8220;Daruvar od trgovi\u0161ta do osmanlijske vladavine&#8221; zna\u010dajno je s obzirom da opisuje prilike nastanaka budu\u0107eg politi\u010dkog i ekonomskog sredi\u0161ta Podborja (Daruvar) i okolnih naselja u ograni\u010denim i rijetkim nalazima koje omogu\u0107uju srednjovjekovni povijesni izvori. Poglavlje &#8220;Srednjovjekovna naselja na vlastelinstvu Dobra Ku\u0107a&#8221; opisuje naselja Podborje, Toplica, \u010cetvrtkovac, Dimi\u010dkovina i postavlja zanimljivo pitanje da li je Podborje bilo u kasnom srednjem vijeku na putu da postane gradom? No, na to pitanje je nemogu\u0107e odgovoriti, jer je takove povijesne procese prekinula osmanlijska najezda. Treba konstatirati da je djelo autora dr. sc. \u017deljka Karaule predstavlja dio povijesti daruvarskog kraja o kojem smo malo ili nimalo znali. Ovim radom on je ostavio temelj za daljnja istra\u017eivanja, naro\u010dito zato \u0161to je nazna\u010dio obilne izvore. Ovaj metodolo\u0161ki sro\u010den tekst s obiljem izvorne gra\u0111e sagledava prilike onodobnog srednjovjekovnog \u017eivota u totalitetu, i koji je za ovaj tekst ulo\u017eio veliki trud, zalaganje i nadasve veliku volju da napi\u0161e ovo djelo i to bez predlo\u0161ka koji bi mu mogao poslu\u017eiti kao uzor.<\/p>\n\n\n\n<hr class=\"wp-block-separator\"\/>\n","protected":false},"excerpt":{"rendered":"","protected":false},"author":2,"featured_media":26380,"comment_status":"open","ping_status":"open","sticky":false,"template":"","format":"standard","meta":{"_acf_changed":false,"jetpack_post_was_ever_published":false,"_jetpack_newsletter_access":"","_jetpack_dont_email_post_to_subs":false,"_jetpack_newsletter_tier_id":0,"_jetpack_memberships_contains_paywalled_content":false,"_jetpack_memberships_contains_paid_content":false,"footnotes":"","jetpack_publicize_message":"","jetpack_publicize_feature_enabled":true,"jetpack_social_post_already_shared":true,"jetpack_social_options":{"image_generator_settings":{"template":"highway","default_image_id":0,"font":"","enabled":false},"version":2}},"categories":[8,3],"tags":[],"class_list":["post-26379","post","type-post","status-publish","format-standard","has-post-thumbnail","hentry","category-knjige","category-novosti"],"acf":{"facebook_opis":""},"jetpack_publicize_connections":[],"jetpack_featured_media_url":"https:\/\/i0.wp.com\/historiografija.hr\/wp-content\/uploads\/2021\/05\/Korice-Daruvar.jpg?fit=2097%2C1453&ssl=1","jetpack_sharing_enabled":true,"jetpack-related-posts":[],"_links":{"self":[{"href":"https:\/\/historiografija.hr\/index.php?rest_route=\/wp\/v2\/posts\/26379","targetHints":{"allow":["GET"]}}],"collection":[{"href":"https:\/\/historiografija.hr\/index.php?rest_route=\/wp\/v2\/posts"}],"about":[{"href":"https:\/\/historiografija.hr\/index.php?rest_route=\/wp\/v2\/types\/post"}],"author":[{"embeddable":true,"href":"https:\/\/historiografija.hr\/index.php?rest_route=\/wp\/v2\/users\/2"}],"replies":[{"embeddable":true,"href":"https:\/\/historiografija.hr\/index.php?rest_route=%2Fwp%2Fv2%2Fcomments&post=26379"}],"version-history":[{"count":1,"href":"https:\/\/historiografija.hr\/index.php?rest_route=\/wp\/v2\/posts\/26379\/revisions"}],"predecessor-version":[{"id":26381,"href":"https:\/\/historiografija.hr\/index.php?rest_route=\/wp\/v2\/posts\/26379\/revisions\/26381"}],"wp:featuredmedia":[{"embeddable":true,"href":"https:\/\/historiografija.hr\/index.php?rest_route=\/wp\/v2\/media\/26380"}],"wp:attachment":[{"href":"https:\/\/historiografija.hr\/index.php?rest_route=%2Fwp%2Fv2%2Fmedia&parent=26379"}],"wp:term":[{"taxonomy":"category","embeddable":true,"href":"https:\/\/historiografija.hr\/index.php?rest_route=%2Fwp%2Fv2%2Fcategories&post=26379"},{"taxonomy":"post_tag","embeddable":true,"href":"https:\/\/historiografija.hr\/index.php?rest_route=%2Fwp%2Fv2%2Ftags&post=26379"}],"curies":[{"name":"wp","href":"https:\/\/api.w.org\/{rel}","templated":true}]}}