{"id":26360,"date":"2021-05-19T21:30:46","date_gmt":"2021-05-19T21:30:46","guid":{"rendered":"http:\/\/historiografija.hr\/?p=26360"},"modified":"2021-05-24T17:15:18","modified_gmt":"2021-05-24T17:15:18","slug":"virtuelna-izlozba-jugoslovensko-americki-odnosi-kroz-foto-objektiv","status":"publish","type":"post","link":"https:\/\/historiografija.hr\/?p=26360","title":{"rendered":"Virtuelna izlo\u017eba \u201eJugoslovensko-ameri\u010dki odnosi kroz foto-objektiv&#8221;"},"content":{"rendered":"\n<p>U petak, 21. 5. 2021. u 13h bit \u0107e predstavljanje virtuelne izlo\u017ebe \u201eJugoslovensko-ameri\u010dki odnosi kroz foto-objektiv&#8221; u Muzeju Jugoslavije u Beogradu.<\/p>\n\n\n\n<hr class=\"wp-block-separator\"\/>\n\n\n\n<p>Muzej Jugoslavije i Centar za ameri\u010dke studije Filozofskog fakulteta,&nbsp; pod pokroviteljstvom ambasade SAD u Srbiji, realizovali su pomenutu izlo\u017ebu koriste\u0107i kao polaznu ta\u010dku bogatu foto-arhivu Muzeja. Publici na dru\u0161tvenim mre\u017eama predstavljen je tok jugoslovensko-ameri\u010dkih odnosa kroz razli\u010dite dekade, od \u010detrdesetih do osamdesetih godina dvadesetog veka, kroz pri\u010de koje se sastoje od foto-materijala, ise\u010daka iz \u0161tampe, plakata, anegdota i edukativnih tekstova.<\/p>\n\n\n\n<hr class=\"wp-block-separator\"\/>\n\n\n\n<p>O zna\u010daju projekta i va\u017enosti pomenute saradnje govori\u0107e:<\/p>\n\n\n\n<p>Neda Kne\u017eevi\u0107, direktorka Muzeja Jugoslavije<\/p>\n\n\n\n<p>Tim Standard, savetnik za odnose sa javno\u0161\u0107u, Ambasada SAD u Srbiji<\/p>\n\n\n\n<p>Radina Vu\u010deti\u0107, profesorka na Odeljenju za istoriju na Filozofskom fakultetu i upravnica Centra za Ameri\u010dke studije<\/p>\n\n\n\n<p>Radovan Cuki\u0107, istori\u010dar, na\u010delnik odeljenja za istra\u017eivanje i za\u0161titu muzejskog fonda, Muzej Jugoslavije<\/p>\n\n\n\n<hr class=\"wp-block-separator\"\/>\n\n\n\n<p>Zavr\u0161nicu izlo\u017ebe \u010dini digitalni katalog, koji \u0107e ovom prilikom tako\u0111e biti predstavljen.<\/p>\n\n\n\n<hr class=\"wp-block-separator\"\/>\n\n\n\n<p>Molimo vas da prisustvo potvrdite do 20. maja.<\/p>\n\n\n\n<p>Tako\u0111e vas molimo da prilikom dolaska nosite za\u0161titnu masku.<\/p>\n\n\n\n<hr class=\"wp-block-separator\"\/>\n\n\n\n<p>Dodatne informacije:<\/p>\n\n\n\n<figure class=\"wp-block-embed-wordpress wp-block-embed is-type-wp-embed is-provider-muzej-jugoslavije\"><div class=\"wp-block-embed__wrapper\">\n<blockquote class=\"wp-embedded-content\" data-secret=\"JF80VHeKmw\"><a href=\"http:\/\/www.muzej-jugoslavije.org\/program\/jugoslovensko-americki-odnosi-kroz-foto-objektiv\/\">Jugoslovensko-ameri\u010dki odnosi kroz foto-objektiv<\/a><\/blockquote><iframe loading=\"lazy\" class=\"wp-embedded-content\" sandbox=\"allow-scripts\" security=\"restricted\" style=\"position: absolute; clip: rect(1px, 1px, 1px, 1px);\" title=\"&#8220;Jugoslovensko-ameri\u010dki odnosi kroz foto-objektiv&#8221; &#8212; Muzej Jugoslavije\" src=\"http:\/\/www.muzej-jugoslavije.org\/program\/jugoslovensko-americki-odnosi-kroz-foto-objektiv\/embed\/#?secret=JF80VHeKmw\" data-secret=\"JF80VHeKmw\" width=\"600\" height=\"338\" frameborder=\"0\" marginwidth=\"0\" marginheight=\"0\" scrolling=\"no\"><\/iframe>\n<\/div><\/figure>\n\n\n\n<hr class=\"wp-block-separator\"\/>\n\n\n\n<p>Informacije o digitalnom katalogu:<\/p>\n\n\n\n<figure class=\"wp-block-embed-wordpress wp-block-embed is-type-wp-embed is-provider-muzej-jugoslavije\"><div class=\"wp-block-embed__wrapper\">\n<blockquote class=\"wp-embedded-content\" data-secret=\"ulhVUIriQT\"><a href=\"http:\/\/www.muzej-jugoslavije.org\/publikacija-jugoslovensko-americki-odnosi-kroz-foto-objektiv\/\">Publikacija \u201eJugoslovensko-ameri\u010dki odnosi kroz foto-objektiv\u201d<\/a><\/blockquote><iframe loading=\"lazy\" class=\"wp-embedded-content\" sandbox=\"allow-scripts\" security=\"restricted\" style=\"position: absolute; clip: rect(1px, 1px, 1px, 1px);\" title=\"&#8220;Publikacija \u201eJugoslovensko-ameri\u010dki odnosi kroz foto-objektiv\u201d&#8221; &#8212; Muzej Jugoslavije\" src=\"http:\/\/www.muzej-jugoslavije.org\/publikacija-jugoslovensko-americki-odnosi-kroz-foto-objektiv\/embed\/#?secret=ulhVUIriQT\" data-secret=\"ulhVUIriQT\" width=\"600\" height=\"338\" frameborder=\"0\" marginwidth=\"0\" marginheight=\"0\" scrolling=\"no\"><\/iframe>\n<\/div><\/figure>\n\n\n\n<hr class=\"wp-block-separator\"\/>\n","protected":false},"excerpt":{"rendered":"","protected":false},"author":2,"featured_media":26361,"comment_status":"open","ping_status":"open","sticky":false,"template":"","format":"standard","meta":{"_acf_changed":false,"jetpack_post_was_ever_published":false,"_jetpack_newsletter_access":"","_jetpack_dont_email_post_to_subs":false,"_jetpack_newsletter_tier_id":0,"_jetpack_memberships_contains_paywalled_content":false,"_jetpack_memberships_contains_paid_content":false,"footnotes":"","jetpack_publicize_message":"","jetpack_publicize_feature_enabled":true,"jetpack_social_post_already_shared":true,"jetpack_social_options":{"image_generator_settings":{"template":"highway","default_image_id":0,"font":"","enabled":false},"version":2}},"categories":[10,3],"tags":[],"class_list":["post-26360","post","type-post","status-publish","format-standard","has-post-thumbnail","hentry","category-izlozbe","category-novosti"],"acf":{"facebook_opis":""},"jetpack_publicize_connections":[],"jetpack_featured_media_url":"https:\/\/i0.wp.com\/historiografija.hr\/wp-content\/uploads\/2021\/05\/Pozivnica.png?fit=1134%2C1448&ssl=1","jetpack_sharing_enabled":true,"jetpack-related-posts":[],"_links":{"self":[{"href":"https:\/\/historiografija.hr\/index.php?rest_route=\/wp\/v2\/posts\/26360","targetHints":{"allow":["GET"]}}],"collection":[{"href":"https:\/\/historiografija.hr\/index.php?rest_route=\/wp\/v2\/posts"}],"about":[{"href":"https:\/\/historiografija.hr\/index.php?rest_route=\/wp\/v2\/types\/post"}],"author":[{"embeddable":true,"href":"https:\/\/historiografija.hr\/index.php?rest_route=\/wp\/v2\/users\/2"}],"replies":[{"embeddable":true,"href":"https:\/\/historiografija.hr\/index.php?rest_route=%2Fwp%2Fv2%2Fcomments&post=26360"}],"version-history":[{"count":2,"href":"https:\/\/historiografija.hr\/index.php?rest_route=\/wp\/v2\/posts\/26360\/revisions"}],"predecessor-version":[{"id":26418,"href":"https:\/\/historiografija.hr\/index.php?rest_route=\/wp\/v2\/posts\/26360\/revisions\/26418"}],"wp:featuredmedia":[{"embeddable":true,"href":"https:\/\/historiografija.hr\/index.php?rest_route=\/wp\/v2\/media\/26361"}],"wp:attachment":[{"href":"https:\/\/historiografija.hr\/index.php?rest_route=%2Fwp%2Fv2%2Fmedia&parent=26360"}],"wp:term":[{"taxonomy":"category","embeddable":true,"href":"https:\/\/historiografija.hr\/index.php?rest_route=%2Fwp%2Fv2%2Fcategories&post=26360"},{"taxonomy":"post_tag","embeddable":true,"href":"https:\/\/historiografija.hr\/index.php?rest_route=%2Fwp%2Fv2%2Ftags&post=26360"}],"curies":[{"name":"wp","href":"https:\/\/api.w.org\/{rel}","templated":true}]}}