{"id":26357,"date":"2021-05-19T21:20:29","date_gmt":"2021-05-19T21:20:29","guid":{"rendered":"http:\/\/historiografija.hr\/?p=26357"},"modified":"2021-05-19T21:20:29","modified_gmt":"2021-05-19T21:20:29","slug":"trevor-noah-zlocin-rodenjem-price-iz-juznoafrickog-djetinjstva-s-engleskoga-preveo-borna-karanusic","status":"publish","type":"post","link":"https:\/\/historiografija.hr\/?p=26357","title":{"rendered":"Trevor Noah, \u201cZLO\u010cIN RO\u0110ENJEM. Pri\u010de iz ju\u017enoafri\u010dkog djetinjstva\u201d (S engleskoga preveo Borna Karanu\u0161i\u0107)"},"content":{"rendered":"\n<p>Nevjerojatan put Trevora Noe od ju\u017enoafri\u010dkog aparthejda do ureda <em>The Daily Showa<\/em> <strong>z<\/strong>apo\u010deo je zlo\u010dinom: njegovim ro\u0111enjem. Naime, njegova je majka crnkinja iz plemena Xhosa, a otac bijeli \u0160vicarac. Tih je godina \u2013 osamdesetih \u2013 rasno mije\u0161anje bilo ka\u017enjivo s pet godina zatvora. \u017divi dokaz nesmotrenosti roditelja, Trevor je najranije godine svog \u017eivota uglavnom proveo u ku\u0107i, sputan radikalnim i \u010desto bizarnim mjerama koje je njegova majka poduzimala da ga sa\u010duva od zla rasizma i segregacija. Nakon pada aparthejda, oslobo\u0111eni od tiranske vladavine bijelaca, Trevor i njegova majka krenuli su u veliku pustolovinu, \u017eive\u0107i otvoreno i slobodno.<br><em>Zlo\u010din ro\u0111enjem<\/em> pri\u010da je o nesta\u0161nom djetetu koje izrasta u nemirnog mladi\u0107a koji poku\u0161ava na\u0107i svoje mjesto u svijetu u kojem nikada nije trebao postojati. To je tako\u0111er pri\u010da o njegovu odnosu s neustra\u0161ivom, buntovnom i gorljivo religioznom majkom \u2013 njegovom suigra\u010dicom, \u017eenom odlu\u010dnom da sina spasi od siroma\u0161tva i nasilja. Ovdje okupljene pri\u010de smije\u0161ne su i dramati\u010dne. Bez obzira jede li gusjenice za ve\u010deru u te\u0161kim vremenima, je li izba\u010den iz automobila u pokretu tijekom poku\u0161aja otmice ili poku\u0161ava li naprosto pre\u017eivjeti zamke srednje \u0161kole, Trevor svoj svijet osvjetljava pronicljivom duhovito\u0161\u0107u i nepokolebljivim po\u0161tenjem. Njegove pri\u010de tvore dirljiv i naoko smije\u0161an portret dje\u010daka koji je odrastao u opasnim vremenima, naoru\u017ean samo izo\u0161trenim smislom za humor i maj\u010dinom nekonvencionalnom, bezuvjetnom ljubavi.<\/p>\n\n\n\n<p><em>Zlo\u010din ro\u0111enjem<\/em> nije samo uznemiruju\u0107i prikaz odrastanja u Ju\u017enoj Africi pod aparthejdom, nego i ljubavno pismo autorovoj izvanrednoj majci. \u2014 <em>The New York Times<\/em><\/p>\n\n\n\n<p>Ono \u0161to <em>Zlo\u010din ro\u0111enjem<\/em> \u010dini takvim u\u017eitkom i hranom za du\u0161u, unato\u010d svim njegovim turobnim nijansama, autorovo je opu\u0161teno i humoristi\u010dno pripovijedanje o tome kako je nau\u010dio izlaziti nakraj s nasilni\u0161tvom\u2026 \u2014 <em>USA Today<\/em><\/p>\n\n\n\n<p>Ovo nisu memoari komi\u010dara na kakve ste navikli: ovo je jedinstven pogled na \u010dovjeka koji je proizvod svoje kulture \u2013 i nijansiran pogled na dio svijeta koji je pro\u0161ao kroz mra\u010dna vremena\u2026 \u2014 <em>Refinery29<\/em><\/p>\n\n\n\n<p><strong>Trevor Noah<\/strong> rodio se 1984. u Johannesburgu u Republici Ju\u017enoj Africi kao dijete bijelog \u0160vicarca i majke crna\u010dkog xhosa porijekla u doba kad je ondje mije\u0161anje rasa bilo zakonom zabranjeno, zbog \u010dega se kao dijete i mladi\u0107 te\u0161ko uklapao u johanesbur\u0161ke rasom definirane zajednice. Svoje \u017eivotno obrazovanje \u010desto pripisuje u\u010denju drugih jezika i kultura, ali i strogom kr\u0161\u0107anskom odgoju i poznavanju <em>Biblije<\/em>. Noah uz engleski govori jezike afrikaans, zulu, xhosa, tswana, tsonga i ne\u0161to njema\u010dkog.<br>Kao komi\u010dar i radijski voditelj karijeru zapo\u010dinje ve\u0107 s osamnaest godina, s vremenom postav\u0161i glavno lice ju\u017enoafri\u010dke <em>stand-up<\/em> komedije.<br>Od 2011. \u017eivi u Americi, gdje 2015. naslje\u0111uje Jona Stewarta i postaje voditelj kultne satiri\u010dno-informativne TV-emisije <em>The Daily Show<\/em>, koju vodi i danas, gotovo svakodnevno otvaraju\u0107i medijski prostor za crna\u010dku umjetnost i crna\u010dki aktivizam u Americi. Me\u0111u Noinim samostalnim <em>stand-up<\/em> specijalima isti\u010du se <em>Trevor Noah: Lost in Translation<\/em> (2015), <em>Trevor Noah: Afraid of the Dark<\/em> (2017) i <em>Trevor Noah: Son of Patricia<\/em> (2018).<br>Autor je memoarske knjige <em>Born a Crime: stories from a South African childhood<\/em> (2016).<\/p>\n\n\n\n<hr class=\"wp-block-separator\"\/>\n\n\n\n<p>Godina izdanja: 2021<\/p>\n\n\n\n<p>Broj stranica: 364<\/p>\n\n\n\n<hr class=\"wp-block-separator\"\/>\n\n\n\n<p>Pro\u010ditaj po\u010detak knjige:<\/p>\n\n\n\n<figure class=\"wp-block-embed-wordpress wp-block-embed is-type-wp-embed is-provider-disput\"><div class=\"wp-block-embed__wrapper\">\n<blockquote class=\"wp-embedded-content\" data-secret=\"HNXa4aXaHJ\"><a href=\"https:\/\/disput.hr\/shop\/zlocin-rodenjem\/\">ZLO\u010cIN RO\u0110ENJEM<\/a><\/blockquote><iframe loading=\"lazy\" class=\"wp-embedded-content\" sandbox=\"allow-scripts\" security=\"restricted\" style=\"position: absolute; clip: rect(1px, 1px, 1px, 1px);\" title=\"&#8220;ZLO\u010cIN RO\u0110ENJEM&#8221; &#8212; Disput\" src=\"https:\/\/disput.hr\/shop\/zlocin-rodenjem\/embed\/#?secret=HNXa4aXaHJ\" data-secret=\"HNXa4aXaHJ\" width=\"600\" height=\"338\" frameborder=\"0\" marginwidth=\"0\" marginheight=\"0\" scrolling=\"no\"><\/iframe>\n<\/div><\/figure>\n\n\n\n<hr class=\"wp-block-separator\"\/>\n","protected":false},"excerpt":{"rendered":"","protected":false},"author":2,"featured_media":26358,"comment_status":"open","ping_status":"open","sticky":false,"template":"","format":"standard","meta":{"_acf_changed":false,"jetpack_post_was_ever_published":false,"_jetpack_newsletter_access":"","_jetpack_dont_email_post_to_subs":false,"_jetpack_newsletter_tier_id":0,"_jetpack_memberships_contains_paywalled_content":false,"_jetpack_memberships_contains_paid_content":false,"footnotes":"","jetpack_publicize_message":"","jetpack_publicize_feature_enabled":true,"jetpack_social_post_already_shared":true,"jetpack_social_options":{"image_generator_settings":{"template":"highway","default_image_id":0,"font":"","enabled":false},"version":2}},"categories":[8,3,12],"tags":[],"class_list":["post-26357","post","type-post","status-publish","format-standard","has-post-thumbnail","hentry","category-knjige","category-novosti","category-knjizevnost"],"acf":{"facebook_opis":""},"jetpack_publicize_connections":[],"jetpack_featured_media_url":"https:\/\/i0.wp.com\/historiografija.hr\/wp-content\/uploads\/2021\/05\/Zlocin.jpg?fit=500%2C792&ssl=1","jetpack_sharing_enabled":true,"jetpack-related-posts":[],"_links":{"self":[{"href":"https:\/\/historiografija.hr\/index.php?rest_route=\/wp\/v2\/posts\/26357","targetHints":{"allow":["GET"]}}],"collection":[{"href":"https:\/\/historiografija.hr\/index.php?rest_route=\/wp\/v2\/posts"}],"about":[{"href":"https:\/\/historiografija.hr\/index.php?rest_route=\/wp\/v2\/types\/post"}],"author":[{"embeddable":true,"href":"https:\/\/historiografija.hr\/index.php?rest_route=\/wp\/v2\/users\/2"}],"replies":[{"embeddable":true,"href":"https:\/\/historiografija.hr\/index.php?rest_route=%2Fwp%2Fv2%2Fcomments&post=26357"}],"version-history":[{"count":1,"href":"https:\/\/historiografija.hr\/index.php?rest_route=\/wp\/v2\/posts\/26357\/revisions"}],"predecessor-version":[{"id":26359,"href":"https:\/\/historiografija.hr\/index.php?rest_route=\/wp\/v2\/posts\/26357\/revisions\/26359"}],"wp:featuredmedia":[{"embeddable":true,"href":"https:\/\/historiografija.hr\/index.php?rest_route=\/wp\/v2\/media\/26358"}],"wp:attachment":[{"href":"https:\/\/historiografija.hr\/index.php?rest_route=%2Fwp%2Fv2%2Fmedia&parent=26357"}],"wp:term":[{"taxonomy":"category","embeddable":true,"href":"https:\/\/historiografija.hr\/index.php?rest_route=%2Fwp%2Fv2%2Fcategories&post=26357"},{"taxonomy":"post_tag","embeddable":true,"href":"https:\/\/historiografija.hr\/index.php?rest_route=%2Fwp%2Fv2%2Ftags&post=26357"}],"curies":[{"name":"wp","href":"https:\/\/api.w.org\/{rel}","templated":true}]}}