{"id":26351,"date":"2021-05-19T20:52:51","date_gmt":"2021-05-19T20:52:51","guid":{"rendered":"http:\/\/historiografija.hr\/?p=26351"},"modified":"2021-05-28T22:09:56","modified_gmt":"2021-05-28T22:09:56","slug":"dreznica-na-filmu-zajednica-memorija-bastina","status":"publish","type":"post","link":"https:\/\/historiografija.hr\/?p=26351","title":{"rendered":"Dre\u017enica na filmu: zajednica, memorija, ba\u0161tina"},"content":{"rendered":"\n<p>Premijera filma Matije Kralja <em>16.\u201323.9.2019. Dre\u017enica<\/em>, nastalog u sklopu istra\u017eiva\u010dkog projekta Ba\u0161tina odozdo | Dre\u017enica: Tragovi i sje\u0107anja 1941-1945., odr\u017eat \u0107e se&nbsp;21. svibnja u 17 sati u kinu Tu\u0161kanac.<\/p>\n\n\n\n<p>Premijeri filma prethodit \u0107e projekcija kratkog dokumentarnog filma Slavka Goldsteina iz 1964. pod nazivom <em>Dre\u017enica<\/em>.<\/p>\n\n\n\n<p>Nakon projekcija bit \u0107e odr\u017ean razgovor o filmovima, \u017eivotu u Dre\u017enici iz perspektive istra\u017eiva\u010da, iskustvu istra\u017eivanja u zajednici i sa zajednicom te praksama memorijalizacije.<\/p>\n\n\n\n<p>U razgovoru \u0107e sudjelovati voditeljica projekta Sanja Horvatin\u010di\u0107 te suradnici na projektu Ivona Grgurinovi\u0107 i Matija Kralj. Razgovor \u0107e voditi Aneta Vladimirov.<\/p>\n\n\n\n<p>Zbog ograni\u010denog broja mjesta, molimo vas da svoj dolazak potvrdite na mail: ivona.grgurinovic@gmail.com<\/p>\n\n\n\n<p><strong>Filmski program:<\/strong><\/p>\n\n\n\n<p><em>Dre\u017enica<\/em> (Slavko Goldstein, 1964.), 14&#8217;42&#8221;<\/p>\n\n\n\n<p>Slavko Goldstein snimio je 1964. godine kra\u0107i dokumentarni film <em>Dre\u017enica<\/em>, koji je dobio nagradu na Festivalu dokumentarnih filmova u Beogradu 1964. godine. U ovom filmu Goldstein se vra\u0107a u Dre\u017enicu u koju se, kao \u017didov, 1942. sklonio zajedno s majkom i bratom te gdje je kao petnaestogodi\u0161njak postao borac lokalne Omladinske \u010dete. Film prikazuje isje\u010dke razgovora sa stanovnicima Dre\u017enice i dre\u017eni\u010dkih zaseoka, koji, izme\u0111u ostalog progovaraju o te\u0161kom \u017eivotu u Dre\u017enici u to vrijeme, nedostatku posla i depopulaciji, ali i slavnoj i te\u0161koj antifa\u0161isti\u010dkoj pro\u0161losti ovog kraja.<\/p>\n\n\n\n<p><em>16.\u201323.9.2019. Dre\u017enica<\/em> (Matija Kralj, 2020.), 14\u201922\u2019\u2019<\/p>\n\n\n\n<p>Film \u010dine fragmenti osmodnevnog istra\u017eiva\u010dkog boravka u Dre\u017enici u rujnu 2019. godine. Kamera prati me\u0111unarodnu grupu istra\u017eiva\u010da u potrazi za lokacijama i narativima iz Drugoga svjetskog rata, isprepli\u010du\u0107i sje\u0107anja na povijesni sukob sa slikama suvremenog \u017eivota u Dre\u017enice. Ba\u0161tina ratnih sukoba i solidarnosti zrcali se u percepciji suvremene situacije izazvane blokadom granica i prisutno\u0161\u0107u ljudi u pokretu. Film ocrtava slo\u017eenost mikrohistorijskih temporalnosti i kontinuitet dru\u0161tvenih nepravdi u marginaliziranim dru\u0161tvenim zajednicama na granicama EU.<\/p>\n\n\n\n<p>Ba\u0161tina odozdo | Dre\u017enica: Tragovi i sje\u0107anja 1941.\u20131945. je me\u0111unarodni istra\u017eiva\u010dki projekt usmjeren na suvremenu povijest i ba\u0161tinu dre\u017eni\u010dkog kraja, koji se provodi na <a href=\"https:\/\/www.ipu.hr\/article\/hr\/761\/bastina-odozdo-dreznica-tragovi-i-sjecanja\">Institutu za povijest umjetnosti<\/a> u Zagrebu.<\/p>\n\n\n\n<hr class=\"wp-block-separator\"\/>\n\n\n\n<p>Izvori:<\/p>\n\n\n\n<p><a href=\"http:\/\/kinotuskanac.hr\/cycle\/u-gostima-dreznica-na-filmu\">http:\/\/kinotuskanac.hr\/cycle\/u-gostima-dreznica-na-filmu<\/a><\/p>\n\n\n\n<p><a href=\"https:\/\/www.ipu.hr\/article\/hr\/1054\/dreznica-na-filmu-zajednica-memorija-bastina\">https:\/\/www.ipu.hr\/article\/hr\/1054\/dreznica-na-filmu-zajednica-memorija-bastina<\/a><\/p>\n\n\n\n<hr class=\"wp-block-separator\"\/>\n\n\n\n<p><a href=\"https:\/\/www.portalnovosti.com\/ponosni-na-proslost-skepticni-prema-sadasnjosti\">https:\/\/www.portalnovosti.com\/ponosni-na-proslost-skepticni-prema-sadasnjosti<\/a><\/p>\n\n\n\n<hr class=\"wp-block-separator\"\/>\n","protected":false},"excerpt":{"rendered":"","protected":false},"author":2,"featured_media":26352,"comment_status":"open","ping_status":"open","sticky":false,"template":"","format":"standard","meta":{"_acf_changed":false,"jetpack_post_was_ever_published":false,"_jetpack_newsletter_access":"","_jetpack_dont_email_post_to_subs":false,"_jetpack_newsletter_tier_id":0,"_jetpack_memberships_contains_paywalled_content":false,"_jetpack_memberships_contains_paid_content":false,"footnotes":"","jetpack_publicize_message":"","jetpack_publicize_feature_enabled":true,"jetpack_social_post_already_shared":true,"jetpack_social_options":{"image_generator_settings":{"template":"highway","default_image_id":0,"font":"","enabled":false},"version":2}},"categories":[13,3],"tags":[],"class_list":["post-26351","post","type-post","status-publish","format-standard","has-post-thumbnail","hentry","category-filmovi-i-serije","category-novosti"],"acf":{"facebook_opis":""},"jetpack_publicize_connections":[],"jetpack_featured_media_url":"https:\/\/i0.wp.com\/historiografija.hr\/wp-content\/uploads\/2021\/05\/dreznica-na-filmu.jpg?fit=900%2C562&ssl=1","jetpack_sharing_enabled":true,"jetpack-related-posts":[],"_links":{"self":[{"href":"https:\/\/historiografija.hr\/index.php?rest_route=\/wp\/v2\/posts\/26351","targetHints":{"allow":["GET"]}}],"collection":[{"href":"https:\/\/historiografija.hr\/index.php?rest_route=\/wp\/v2\/posts"}],"about":[{"href":"https:\/\/historiografija.hr\/index.php?rest_route=\/wp\/v2\/types\/post"}],"author":[{"embeddable":true,"href":"https:\/\/historiografija.hr\/index.php?rest_route=\/wp\/v2\/users\/2"}],"replies":[{"embeddable":true,"href":"https:\/\/historiografija.hr\/index.php?rest_route=%2Fwp%2Fv2%2Fcomments&post=26351"}],"version-history":[{"count":2,"href":"https:\/\/historiografija.hr\/index.php?rest_route=\/wp\/v2\/posts\/26351\/revisions"}],"predecessor-version":[{"id":26491,"href":"https:\/\/historiografija.hr\/index.php?rest_route=\/wp\/v2\/posts\/26351\/revisions\/26491"}],"wp:featuredmedia":[{"embeddable":true,"href":"https:\/\/historiografija.hr\/index.php?rest_route=\/wp\/v2\/media\/26352"}],"wp:attachment":[{"href":"https:\/\/historiografija.hr\/index.php?rest_route=%2Fwp%2Fv2%2Fmedia&parent=26351"}],"wp:term":[{"taxonomy":"category","embeddable":true,"href":"https:\/\/historiografija.hr\/index.php?rest_route=%2Fwp%2Fv2%2Fcategories&post=26351"},{"taxonomy":"post_tag","embeddable":true,"href":"https:\/\/historiografija.hr\/index.php?rest_route=%2Fwp%2Fv2%2Ftags&post=26351"}],"curies":[{"name":"wp","href":"https:\/\/api.w.org\/{rel}","templated":true}]}}