{"id":26343,"date":"2021-05-18T21:55:59","date_gmt":"2021-05-18T21:55:59","guid":{"rendered":"http:\/\/historiografija.hr\/?p=26343"},"modified":"2021-05-18T21:55:59","modified_gmt":"2021-05-18T21:55:59","slug":"medunarodni-znanstveni-skup-10-istarski-povijesni-biennale","status":"publish","type":"post","link":"https:\/\/historiografija.hr\/?p=26343","title":{"rendered":"Me\u0111unarodni znanstveni skup \u201c10. istarski povijesni biennale\u201d"},"content":{"rendered":"\n<p>U \u010detvrtak i petak, od 20. do 21. svibnja 2021. godine od 9 do 16h odr\u017eat \u0107e se me\u0111unarodni znanstveni skup \u201c10. istarski povijesni biennale\u201d s temom \u201cCorpus, carnalitas\u2026: o tijelu i tjelesnosti u povijesti na jadranskom prostoru\u201d. Organizatori su Zavi\u010dajni muzej Pore\u0161tine \u2013 Museo del territorio parentino, Sveu\u010dili\u0161te Jurja Dobrile u Puli \u2013 Filozofski fakultet i Dr\u017eavni arhiv u Pazinu.<\/p>\n\n\n\n<p>Skup se mo\u017ee pratiti na poveznici Zoom platforme: <a href=\"https:\/\/unipu-hr.zoom.us\/j\/93710672843\" target=\"_blank\" rel=\"noreferrer noopener\">https:\/\/unipu-hr.zoom.us\/j\/93710672843<\/a><\/p>\n\n\n\n<p><a href=\"http:\/\/ipd-ssi.hr\/wp-content\/uploads\/2021\/05\/10.-Biennale-pozivnica.pdf\">Pozivnica \u2013 Invito<br><\/a><\/p>\n\n\n\n<p><a href=\"http:\/\/ipd-ssi.hr\/wp-content\/uploads\/2021\/05\/10.-Biennale-program-hr.pdf\">Program<\/a><\/p>\n\n\n\n<hr class=\"wp-block-separator\"\/>\n\n\n\n<p>Izvor i dodatne informacije:<\/p>\n\n\n\n<figure class=\"wp-block-embed-wordpress wp-block-embed is-type-wp-embed is-provider-istarsko-povijesno-drustvo-societa-storica-istriana\"><div class=\"wp-block-embed__wrapper\">\n<blockquote class=\"wp-embedded-content\" data-secret=\"4Tc1GcQ1Ho\"><a href=\"https:\/\/ipd-ssi.hr\/?p=15652\">Me\u0111unarodni znanstveni skup &#8220;10. istarski povijesni biennale&#8221;<\/a><\/blockquote><iframe loading=\"lazy\" class=\"wp-embedded-content\" sandbox=\"allow-scripts\" security=\"restricted\" style=\"position: absolute; clip: rect(1px, 1px, 1px, 1px);\" title=\"&#8220;Me\u0111unarodni znanstveni skup &#8220;10. istarski povijesni biennale&#8221;&#8221; &#8212; Istarsko povijesno dru\u0161tvo - Societ\u00e0 Storica Istriana\" src=\"https:\/\/ipd-ssi.hr\/?p=15652&#038;embed=true#?secret=4Tc1GcQ1Ho\" data-secret=\"4Tc1GcQ1Ho\" width=\"600\" height=\"338\" frameborder=\"0\" marginwidth=\"0\" marginheight=\"0\" scrolling=\"no\"><\/iframe>\n<\/div><\/figure>\n\n\n\n<p><a href=\"https:\/\/www.muzejporec.hr\/hr\/projekti\/istarski-povijesni-biennale\/\">https:\/\/www.muzejporec.hr\/hr\/projekti\/istarski-povijesni-biennale\/<\/a><\/p>\n\n\n\n<hr class=\"wp-block-separator\"\/>\n","protected":false},"excerpt":{"rendered":"","protected":false},"author":2,"featured_media":26344,"comment_status":"open","ping_status":"open","sticky":false,"template":"","format":"standard","meta":{"_acf_changed":false,"jetpack_post_was_ever_published":false,"_jetpack_newsletter_access":"","_jetpack_dont_email_post_to_subs":false,"_jetpack_newsletter_tier_id":0,"_jetpack_memberships_contains_paywalled_content":false,"_jetpack_memberships_contains_paid_content":false,"footnotes":"","jetpack_publicize_message":"","jetpack_publicize_feature_enabled":true,"jetpack_social_post_already_shared":true,"jetpack_social_options":{"image_generator_settings":{"template":"highway","default_image_id":0,"font":"","enabled":false},"version":2}},"categories":[3,9],"tags":[],"class_list":["post-26343","post","type-post","status-publish","format-standard","has-post-thumbnail","hentry","category-novosti","category-skupovi"],"acf":{"facebook_opis":""},"jetpack_publicize_connections":[],"jetpack_featured_media_url":"https:\/\/i0.wp.com\/historiografija.hr\/wp-content\/uploads\/2021\/05\/venera.jpg?fit=1288%2C940&ssl=1","jetpack_sharing_enabled":true,"jetpack-related-posts":[],"_links":{"self":[{"href":"https:\/\/historiografija.hr\/index.php?rest_route=\/wp\/v2\/posts\/26343","targetHints":{"allow":["GET"]}}],"collection":[{"href":"https:\/\/historiografija.hr\/index.php?rest_route=\/wp\/v2\/posts"}],"about":[{"href":"https:\/\/historiografija.hr\/index.php?rest_route=\/wp\/v2\/types\/post"}],"author":[{"embeddable":true,"href":"https:\/\/historiografija.hr\/index.php?rest_route=\/wp\/v2\/users\/2"}],"replies":[{"embeddable":true,"href":"https:\/\/historiografija.hr\/index.php?rest_route=%2Fwp%2Fv2%2Fcomments&post=26343"}],"version-history":[{"count":1,"href":"https:\/\/historiografija.hr\/index.php?rest_route=\/wp\/v2\/posts\/26343\/revisions"}],"predecessor-version":[{"id":26345,"href":"https:\/\/historiografija.hr\/index.php?rest_route=\/wp\/v2\/posts\/26343\/revisions\/26345"}],"wp:featuredmedia":[{"embeddable":true,"href":"https:\/\/historiografija.hr\/index.php?rest_route=\/wp\/v2\/media\/26344"}],"wp:attachment":[{"href":"https:\/\/historiografija.hr\/index.php?rest_route=%2Fwp%2Fv2%2Fmedia&parent=26343"}],"wp:term":[{"taxonomy":"category","embeddable":true,"href":"https:\/\/historiografija.hr\/index.php?rest_route=%2Fwp%2Fv2%2Fcategories&post=26343"},{"taxonomy":"post_tag","embeddable":true,"href":"https:\/\/historiografija.hr\/index.php?rest_route=%2Fwp%2Fv2%2Ftags&post=26343"}],"curies":[{"name":"wp","href":"https:\/\/api.w.org\/{rel}","templated":true}]}}