{"id":26336,"date":"2021-05-18T21:37:13","date_gmt":"2021-05-18T21:37:13","guid":{"rendered":"http:\/\/historiografija.hr\/?p=26336"},"modified":"2021-05-18T21:37:13","modified_gmt":"2021-05-18T21:37:13","slug":"marijan-sabic-ur-donji-andrijevci-povijest-i-bastina","status":"publish","type":"post","link":"https:\/\/historiografija.hr\/?p=26336","title":{"rendered":"Marijan \u0160abi\u0107 (ur.), &#8220;Donji Andrijevci \u2013 povijest i ba\u0161tina&#8221;"},"content":{"rendered":"\n<p>Hrvatski institut za povijest \u2013 Podru\u017enica za povijest Slavonije, Srijema i Baranje u Slavonskom Brodu i Op\u0107ina Donji Andrijevci objavili su 2021. godine zbornik radova \u201cDonji Andrijevci \u2013 povijest i ba\u0161tina\u201d (416 str.) koji je uredio Marijan \u0160abi\u0107.<\/p>\n\n\n\n<hr class=\"wp-block-separator\"\/>\n\n\n\n<p><a href=\"http:\/\/hipsb.hr\/wp-content\/uploads\/2021\/05\/DonjiAndrijevci_sadrzaj.pdf\"><strong>Sadr\u017eaj zbornika \u2013 PDF<\/strong><\/a><\/p>\n\n\n\n<hr class=\"wp-block-separator\"\/>\n\n\n\n<p><strong>Proslov<\/strong><\/p>\n\n\n\n<p>Ideju o zborniku u kojem bi bile obra\u0111ene razli\u010dite teme iz povijesti Donjih Andrijevaca prvi sam put \u010duo od kolege Domagoja Zovka iz Dr\u017eavnog arhiva u Slavonskom Brodu, u rujnu 2017. Negdje u to vrijeme istu je ideju izlo\u017eio i predstojniku Podru\u017enice za povijest Slavonije, Srijema i Baranje Hrvatskog instituta za povijest Stanku Andri\u0107u, te na\u010delniku Op\u0107ine Donji Andrijevci Tomislavu Marijanovi\u0107u, koji su ubrzo prona\u0161li zajedni\u010dki jezik i okvirno se slo\u017eili da \u0107e Op\u0107ina i Podru\u017enica zajedni\u010dki krenuti u ovaj nakladni\u010dki projekt. I kolegij Podru\u017enice prihvatio je ovu inicijativu i 28. prosinca 2017. mene imenovao administratorom budu\u0107eg zbornika. Osim istra\u017eiva\u010dima Podru\u017enice, slu\u017ebeni poziv za suradnju uputio sam i odre\u0111enom broju kulturnih, znanstvenih i znanstveno-nastavnih ustanova. Kako je vrijeme odmicalo javljalo nam se sve vi\u0161e potencijalnih suradnika \u2013 pored izvanrednih pandemijskih uvjeta i to je bio razlog zbog kojeg su se radovi na zborniku usporili pa nije, kako je prvotno planirano, objavljen tijekom 2020.<\/p>\n\n\n\n<p>Nismo imali ambiciju zaokru\u017eiti spoznaju o povijesti Donjih Andrijevaca, nego smo nastojali okupiti respektabilnu ekipu suradnika koji \u0107e na temelju dostupne im gra\u0111e, izvora i literature mo\u0107i kompetentno i u \u0161irem kontekstu pisati o razli\u010ditim aspektima povijesti, tradicije i kulture podru\u010dja i okolice podru\u010dja koje danas u administrativnom smislu pokriva ova op\u0107ina. Autori u zborniku su razli\u010ditih profesija i stru\u010dnih profila, od arheologa, povjesni\u010dara i arhivista do etnomuzikologa i lije\u010dnika, stoga se na razini cijele knjige nije moglo u potpunosti ujedna\u010diti stil i koncepciju svakog pojedinog priloga. Neke teme nismo uspjeli obuhvatiti, primjerice povijest sporta ili pregled kronologije dragovoljnog vatrogastva u Donjim Andrijevcima, no to je samo pokazatelj da na ovakvim nakladni\u010dkim projektima treba nastojati i u budu\u0107nosti. U tom bi smislu zbornik \u00bb<em>Donji Andrijevci \u2013 povijest i ba\u0161tina\u00ab <\/em>mogao poslu\u017eiti kao paradigmatski model suradnje op\u0107ina i gradova sa znanstvenim ustanovama dru\u0161tvenog i humanisti\u010dkog usmjerenja, ne samo u Brodsko-posavskoj \u017eupaniji.<\/p>\n\n\n\n<p>U zborniku je na gotovo 650 autorskih kartica teksta objavljeno osamnaest priloga iz pera dvadeset i jedne autorice i autora. Svima njima od srca zahvaljujemo na marljivom i savjesnom radu na zajedni\u010dkom poslu koji u uvjetima pandemije nije bio lak, naro\u010dito onim suradnicima koje su k tomu pogodile i posljedice potresa. Posebnu zahvalnost dugujemo recenzenticama i recenzentima na dobronamjernim i korisnim ocjenama, primjedbama i ispravcima kojima su zna\u010dajnu podigli razinu kvaliteta ove publikacije, te Ministarstvu znanosti i obrazovanja Republike Hrvatske, koje je financijski potpomoglo njeno objavljivanje.<\/p>\n\n\n\n<p>Urednik<\/p>\n\n\n\n<hr class=\"wp-block-separator\"\/>\n\n\n\n<p>Izvor:<\/p>\n\n\n\n<figure class=\"wp-block-embed-wordpress wp-block-embed is-type-wp-embed is-provider-hrvatski-institut-za-povijest\"><div class=\"wp-block-embed__wrapper\">\n<blockquote class=\"wp-embedded-content\" data-secret=\"OidHEQwYn0\"><a href=\"http:\/\/hipsb.hr\/proizvod\/donji-andrijevci-povijest-i-bastina\/\">Donji Andrijevci \u2013 povijest i ba\u0161tina<\/a><\/blockquote><iframe loading=\"lazy\" class=\"wp-embedded-content\" sandbox=\"allow-scripts\" security=\"restricted\" style=\"position: absolute; clip: rect(1px, 1px, 1px, 1px);\" title=\"&#8220;Donji Andrijevci \u2013 povijest i ba\u0161tina&#8221; &#8212; Hrvatski institut za povijest\" src=\"http:\/\/hipsb.hr\/proizvod\/donji-andrijevci-povijest-i-bastina\/embed\/#?secret=OidHEQwYn0\" data-secret=\"OidHEQwYn0\" width=\"600\" height=\"338\" frameborder=\"0\" marginwidth=\"0\" marginheight=\"0\" scrolling=\"no\"><\/iframe>\n<\/div><\/figure>\n\n\n\n<hr class=\"wp-block-separator\"\/>\n","protected":false},"excerpt":{"rendered":"","protected":false},"author":2,"featured_media":26337,"comment_status":"open","ping_status":"open","sticky":false,"template":"","format":"standard","meta":{"_acf_changed":false,"jetpack_post_was_ever_published":false,"_jetpack_newsletter_access":"","_jetpack_dont_email_post_to_subs":false,"_jetpack_newsletter_tier_id":0,"_jetpack_memberships_contains_paywalled_content":false,"_jetpack_memberships_contains_paid_content":false,"footnotes":"","jetpack_publicize_message":"","jetpack_publicize_feature_enabled":true,"jetpack_social_post_already_shared":true,"jetpack_social_options":{"image_generator_settings":{"template":"highway","default_image_id":0,"font":"","enabled":false},"version":2}},"categories":[8,3],"tags":[],"class_list":["post-26336","post","type-post","status-publish","format-standard","has-post-thumbnail","hentry","category-knjige","category-novosti"],"acf":{"facebook_opis":""},"jetpack_publicize_connections":[],"jetpack_featured_media_url":"https:\/\/i0.wp.com\/historiografija.hr\/wp-content\/uploads\/2021\/05\/Naslovnica_Donji_Andrijevci.jpg?fit=300%2C425&ssl=1","jetpack_sharing_enabled":true,"jetpack-related-posts":[],"_links":{"self":[{"href":"https:\/\/historiografija.hr\/index.php?rest_route=\/wp\/v2\/posts\/26336","targetHints":{"allow":["GET"]}}],"collection":[{"href":"https:\/\/historiografija.hr\/index.php?rest_route=\/wp\/v2\/posts"}],"about":[{"href":"https:\/\/historiografija.hr\/index.php?rest_route=\/wp\/v2\/types\/post"}],"author":[{"embeddable":true,"href":"https:\/\/historiografija.hr\/index.php?rest_route=\/wp\/v2\/users\/2"}],"replies":[{"embeddable":true,"href":"https:\/\/historiografija.hr\/index.php?rest_route=%2Fwp%2Fv2%2Fcomments&post=26336"}],"version-history":[{"count":1,"href":"https:\/\/historiografija.hr\/index.php?rest_route=\/wp\/v2\/posts\/26336\/revisions"}],"predecessor-version":[{"id":26338,"href":"https:\/\/historiografija.hr\/index.php?rest_route=\/wp\/v2\/posts\/26336\/revisions\/26338"}],"wp:featuredmedia":[{"embeddable":true,"href":"https:\/\/historiografija.hr\/index.php?rest_route=\/wp\/v2\/media\/26337"}],"wp:attachment":[{"href":"https:\/\/historiografija.hr\/index.php?rest_route=%2Fwp%2Fv2%2Fmedia&parent=26336"}],"wp:term":[{"taxonomy":"category","embeddable":true,"href":"https:\/\/historiografija.hr\/index.php?rest_route=%2Fwp%2Fv2%2Fcategories&post=26336"},{"taxonomy":"post_tag","embeddable":true,"href":"https:\/\/historiografija.hr\/index.php?rest_route=%2Fwp%2Fv2%2Ftags&post=26336"}],"curies":[{"name":"wp","href":"https:\/\/api.w.org\/{rel}","templated":true}]}}