{"id":26327,"date":"2021-05-17T20:20:18","date_gmt":"2021-05-17T20:20:18","guid":{"rendered":"http:\/\/historiografija.hr\/?p=26327"},"modified":"2021-05-17T20:21:35","modified_gmt":"2021-05-17T20:21:35","slug":"ponovno-promisljanje-spomenika-u-istocnoj-i-jugoistocnoj-evropi","status":"publish","type":"post","link":"https:\/\/historiografija.hr\/?p=26327","title":{"rendered":"\u201cPonovno promi\u0161ljanje spomenika u Isto\u010dnoj i Jugoisto\u010dnoj Evropi\u201d"},"content":{"rendered":"\n<p>Fondacija \u201eHajnrih Bel\u201c iz Njema\u010dke i Nau\u010dno-istra\u017eiva\u010dki i obrazovni centar \u201eMemorial\u201c iz Rusije organiziraju 18. 5. 2021. od 16:00 sati deseti historijski forum pod naslovom \u201cPonovno promi\u0161ljanje spomenika u Isto\u010dnoj i Jugoisto\u010dnoj Evropi: \u0160ta smo videli poslednjih 30 godina, a \u0161ta bismo \u017eeleli da vidimo?\u201c.<\/p>\n\n\n\n<p>Organizatori isti\u010du kako nas sa kom\u0161ijama iz isto\u010dne, centralne, i jugoisto\u010dne Evrope povezuju tri decenije prepune historijskih doga\u0111aja, kojima se \u201cIstok\u201d repozicionirao nakon pada Sovjetskog Saveza i Jugoslavije &#8211; djelimi\u010dno u atmosferi ponovnog o\u017eivljavanja i euforije zbog slobode, ali tako\u0111e i u krvi. Kako su se nove-stare dr\u017eave suo\u010dile sa prikazima svojih historija? Koje slike su ostale isklesane u kamenu, a koje su bile predmet napada? U \u010demu se ogledaju ikonografije juna\u0161tva i viktimizacije? Gdje je naslje\u0111e jo\u0161 uvijek ostalo vidljivo, a koji slojevi sje\u0107anja su prekrili stare? U kakvom stanju je rasprava o spomenicima, i kakve spomenike \u017eelimo u budu\u0107nosti?<\/p>\n\n\n\n<p>Komemorativne plo\u010de, trijumfalni lukovi, natpisi &#8211; staromodni? Za\u0161to su ovi elementi jo\u0161 uvijek predmet sve \u017eustrijih debata, pa \u010dak i sva\u0111a?<\/p>\n\n\n\n<p>Ovogodi\u0161nji Historijski forum, koji \u0107e se i ove godine odr\u017eati virtuelno zbog panedemije, daje platformu za ponovno promi\u0161ljanje i diskusiju o kulturama i politikama sje\u0107anja u posljednjih 30 godina u isto\u010dnoj i jugoisto\u010dnoj Evropi, kao i o vidovima njihovog konkretnog otjelotvorenja u starim i novim spomenicima. Tako\u0111e namjeravamo i prou\u010diti da li je mogu\u0107 alternativni na\u010din bavljenja upitnim spomenicima.<\/p>\n\n\n\n<p>U\u010destvuju:<\/p>\n\n\n\n<p>\u2022 Aleida Asman, Univerzitet u Konstancu (em.)<br>\u2022 Irina Ka\u0161talian, istorijska radionica \u201cLeonid Levin\u201d, Minsk<br>\u2022 Ivo Gold\u0161tajn, Univerzitet u Zagrebu<br>\u2022 Elene Kekelia, Univerzitet u Vird\u017einiji, \u0160arlotsvil, S.A.D.<br>i drugi.<\/p>\n\n\n\n<p>Evropski historijski forum je zajedni\u010dka inicijativa Fondacije \u201eHajnrih Bel\u201c i njenog partnera iz Rusije, Nau\u010dno-istra\u017eiva\u010dkog i obrazovnog centra \u201eMemorial\u201c, \u010diji cilj je omogu\u0107iti razmjenu uglavnom mladih histori\u010darki i histori\u010dara, zaposlenih u muzejima, medijima i nevladinom organizacijama iz isto\u010dne, jugoisto\u010dne i zapadne Evrope. Na taj na\u010din promoviramo pan-Evropski diskurs o kulturama sje\u0107anja i politike historije. Istovremeno, Forum se obra\u0107a svima koji kriti\u010dki promi\u0161ljaju historiju 20. stolje\u0107a i nastavu te historije \u2013 u profesionalnom, honorarnom ili privatnom kapacitetu.<\/p>\n\n\n\n<p>Forum se odr\u017eava na njema\u010dkom, ruskom, bosansko-srpsko-hrvatskom i engleskom jeziku uz obezbije\u0111en simultani prijevod.<\/p>\n\n\n\n<p>Informacije: Nina Hape, Odsek za isto\u010dnu i jugoisto\u010dnu Evropu, Fondacija \u201eHajnrih Bel\u201c, E-Mail: happe@boell.de, Telefon +49(0)30 285 34 \u2013 384<\/p>\n\n\n\n<p>Molimo da se registrujete preko na\u0161eg <a href=\"https:\/\/calendar.boell.de\/en\/event\/rethinking-monuments-eastern-and-southeastern-europe-what-have-we-seen-past-30-years-and-what\" target=\"_blank\" rel=\"noreferrer noopener\">kalendara.<\/a><\/p>\n\n\n\n<p>Preuzeto sa stranice <a href=\"https:\/\/calendar.boell.de\/sr\/event\/ponovno-promisljanje-spomenika-u-istocnoj-i-jugoistocnoj-evropi-sta-smo-videli-poslednjih-30\" target=\"_blank\" rel=\"noreferrer noopener\">Heinrich Boell.<\/a><\/p>\n\n\n\n<p>Program foruma dostupan <a rel=\"noreferrer noopener\" href=\"https:\/\/historiografija.ba\/assets\/documents\/474_forum_berlin.pdf\" target=\"_blank\">ovdje.<\/a><\/p>\n\n\n\n<hr class=\"wp-block-separator\"\/>\n\n\n\n<p>Izvor: <\/p>\n\n\n\n<p><strong>Historiografija.ba<\/strong><\/p>\n\n\n\n<p><a href=\"https:\/\/www.historiografija.ba\/article.php?id=474\">https:\/\/www.historiografija.ba\/article.php?id=474<\/a><\/p>\n\n\n\n<hr class=\"wp-block-separator\"\/>\n","protected":false},"excerpt":{"rendered":"","protected":false},"author":2,"featured_media":26328,"comment_status":"open","ping_status":"open","sticky":false,"template":"","format":"standard","meta":{"_acf_changed":false,"jetpack_post_was_ever_published":false,"_jetpack_newsletter_access":"","_jetpack_dont_email_post_to_subs":false,"_jetpack_newsletter_tier_id":0,"_jetpack_memberships_contains_paywalled_content":false,"_jetpack_memberships_contains_paid_content":false,"footnotes":"","jetpack_publicize_message":"","jetpack_publicize_feature_enabled":true,"jetpack_social_post_already_shared":true,"jetpack_social_options":{"image_generator_settings":{"template":"highway","default_image_id":0,"font":"","enabled":false},"version":2}},"categories":[3,9],"tags":[],"class_list":["post-26327","post","type-post","status-publish","format-standard","has-post-thumbnail","hentry","category-novosti","category-skupovi"],"acf":{"facebook_opis":""},"jetpack_publicize_connections":[],"jetpack_featured_media_url":"https:\/\/i0.wp.com\/historiografija.hr\/wp-content\/uploads\/2021\/05\/forum_berlin.jpg?fit=555%2C312&ssl=1","jetpack_sharing_enabled":true,"jetpack-related-posts":[],"_links":{"self":[{"href":"https:\/\/historiografija.hr\/index.php?rest_route=\/wp\/v2\/posts\/26327","targetHints":{"allow":["GET"]}}],"collection":[{"href":"https:\/\/historiografija.hr\/index.php?rest_route=\/wp\/v2\/posts"}],"about":[{"href":"https:\/\/historiografija.hr\/index.php?rest_route=\/wp\/v2\/types\/post"}],"author":[{"embeddable":true,"href":"https:\/\/historiografija.hr\/index.php?rest_route=\/wp\/v2\/users\/2"}],"replies":[{"embeddable":true,"href":"https:\/\/historiografija.hr\/index.php?rest_route=%2Fwp%2Fv2%2Fcomments&post=26327"}],"version-history":[{"count":2,"href":"https:\/\/historiografija.hr\/index.php?rest_route=\/wp\/v2\/posts\/26327\/revisions"}],"predecessor-version":[{"id":26330,"href":"https:\/\/historiografija.hr\/index.php?rest_route=\/wp\/v2\/posts\/26327\/revisions\/26330"}],"wp:featuredmedia":[{"embeddable":true,"href":"https:\/\/historiografija.hr\/index.php?rest_route=\/wp\/v2\/media\/26328"}],"wp:attachment":[{"href":"https:\/\/historiografija.hr\/index.php?rest_route=%2Fwp%2Fv2%2Fmedia&parent=26327"}],"wp:term":[{"taxonomy":"category","embeddable":true,"href":"https:\/\/historiografija.hr\/index.php?rest_route=%2Fwp%2Fv2%2Fcategories&post=26327"},{"taxonomy":"post_tag","embeddable":true,"href":"https:\/\/historiografija.hr\/index.php?rest_route=%2Fwp%2Fv2%2Ftags&post=26327"}],"curies":[{"name":"wp","href":"https:\/\/api.w.org\/{rel}","templated":true}]}}