{"id":26302,"date":"2021-05-14T22:40:00","date_gmt":"2021-05-14T22:40:00","guid":{"rendered":"http:\/\/historiografija.hr\/?p=26302"},"modified":"2021-05-14T22:49:20","modified_gmt":"2021-05-14T22:49:20","slug":"izlozba-hrvatskog-povijesnog-muzeja-mac-jednom-davno","status":"publish","type":"post","link":"https:\/\/historiografija.hr\/?p=26302","title":{"rendered":"Izlo\u017eba Hrvatskog povijesnog muzeja &#8211; &#8216;Ma\u010d &#8211; jednom davno&#8230;&#8217;"},"content":{"rendered":"\n<p>Hrvatski povijesni muzej u utorak,18. svibnja, sve\u010dano otvara izlo\u017ebu &#8220;Ma\u010d &#8211; jednom davno&#8230;&#8221; u Galeriji Klovi\u0107evi dvori. Program \u0107e se odr\u017eati uz pridr\u017eavanje svih aktualnih epidemiolo\u0161kih mjera i uz ograni\u010deni broj uzvanika. Izlo\u017eba je otvorena za javnost od 19. svibnja 2021.<br><br>\u2026 u ne tako dalekim kraljevstvima i kne\u017eevinama bio je simbol i osobno naoru\u017eanje vitezova, oklopljenih plemi\u0107a, ratnika na konju koji su s ma\u010dem u ruci pod\u010dinjavali, ali i \u0161titili druge. Ma\u010dem su se stvarala i ru\u0161ila carstva, krojile granice i oblikovala povijest svijeta.<\/p>\n\n\n\n<p><br>Ma\u010d je nositelj simbola i izraz je dubokih vrijednosti u svakom dru\u0161tvu koje ih je koristilo. To je vrlo konfliktan predmet, predmet umjetnosti, znanosti, iznimno visokog tehni\u010dkog umije\u0107a, izra\u017eaj je jezika i nositelj mitova. Iako ih sada, izlo\u017eene u muzeju, promatramo i divimo im se kao umjetni\u010dkim djelima ili vrhunskim obrtni\u010dkim proizvodima &#8211; ne smijemo zaboraviti da nisu nastali kako bismo im se danas divili, ve\u0107 kao oru\u017eje, sredstvo za borbu koje je sposobno spasiti, ali i oduzeti \u017eivot.<br>Uvijek prisutan u povijesti, kao i u imaginaciji ljudi, ma\u010d je oru\u017eje viteza &#8211; produ\u017eetak njegove ruke, ali i uma. Predmet je legendi, pripovijedaka i pjesama, kako kod na\u0161ih davnih predaka, tako je i nama danas gotovo neizostavan dio modernih epova koje \u010ditamo, slu\u0161amo i gledamo.<br>\u00a0<br>Iz fundusa Muzeja predstavljamo izbor od 25 izuzetno vrijednih srednjovjekovnih ma\u010deva \u201cvite\u0161kog doba\u201d od 11. do po\u010detka 16. stolje\u0107a. Izlo\u017eba i katalog temelje se velikim dijelom na stru\u010dnoj i znanstvenoj obradi ma\u010deva iz Zbirke oru\u017eja koju je Hrvatski povijesni muzej 2009. godine objavio u katalogu zbirke \u201cMa\u010devi vite\u0161kog doba u Hrvatskoj\u201d.<\/p>\n\n\n\n<p><br>Ma\u010devi s podru\u010dja Hrvatske ne odstupaju od tipologije, sustava i karakteristika istodobnih ma\u010deva diljem Europe. Obi\u010daji i obredi povezani s tim ma\u010devima jednaki su onima u drugim dijelovima Europe te svjedo\u010de zajedni\u010dkoj kulturi koju i danas ba\u0161tinimo.<br>\u00a0<br>Koncepcijom izlo\u017ebe i kataloga nastojali smo temu u\u010diniti privla\u010dnom i pristupa\u010dnom \u0161irokoj publici, generaciji 20. i 21. stolje\u0107a. U cilju popularizacije fundusa, osim prezentiranih ma\u010deva i op\u0107ih tema iz vite\u0161kog \u017eivota, prezentirani su i objavljeni brojni predmeti i mediji s kojima se susre\u0107emo u svakodnevnom \u017eivotu, a koji i danas svjedo\u010de o fascinaciji vite\u0161tvom i ma\u010dem. Raznovrsnu gra\u0111u visoke i popularne kulture predstavili smo zajedno vo\u0111eni idejom da konzumiranje jednog ne isklju\u010duje u\u017eivanje u drugom. Svi ti predmeti prezentirani su s ciljem prikazivanja svestrane popularnosti vite\u0161tva i srednjovjekovlja te op\u0107enito ma\u010da u dana\u0161njem dobu.<br>\u00a0<br>Ka\u017eu da je pero mo\u0107nije od ma\u010da, ali pamti li itko juna\u010dku avanturu koja je zavr\u0161ila dvobojem s olovkama? Provirite u srednjovjekovni svijet vite\u0161tva i svjedo\u010dite utjecaju koje to doba ostvaruje u imaginaciji suvremenog \u010dovjeka.<br>\u00a0<br>Izlo\u017eba \u201eMa\u010d &#8211; jednom davno\u2026\u201c se odvija u izvanrednim okolnostima za Hrvatski povijesni muzej koji je zbog posljedica potresa od 22. o\u017eujka 2020. godine do daljnjega zatvoren za javnost. Unato\u010d nemogu\u0107nosti djelovanja u vlastitom prostoru, baroknoj pala\u010di, Vojkovi\u0107-Or\u0161i\u0107-Kulmer-Rauch, Hrvatski povijesni muzej svojim javnim izlo\u017ebenim djelovanjem prije svega nastoji opravdati svoje poslanje te do obnove proaktivno djelovati u smjeru realizacije stalnog postava. Izra\u017eavamo zahvalnost Galeriji Klovi\u0107evi dvori na ustupljenom prostoru i kolegijalnoj pomo\u0107i te svima koji su pridonijeli ostvarenju izlo\u017ebe.<br>\u00a0<br>Edukativna doga\u0111anja uz izlo\u017ebu<br><br>Uz izlo\u017ebu Hrvatski povijesni muzej je pripremio i brojna edukativna doga\u0111anja, u obliku prikaza o\u017eivljene povijesti i kra\u0107ih predstava u izvedbi Reda \u010duvara grada Zagreba, radionice heraldike i izrade vite\u0161kih \u0161titova, ali i plemi\u0107kih rodoslovnih stabala, raznovrsne radne zadatke i pitalice, kvizove znanja\u2026 Navedeni edukativni sadr\u017eaji posjetiteljima \u0107e biti dostupni na izlo\u017ebi, na posebnim edukativnim doga\u0111anjima u atriju Galerije (dana 29. svibnja, 12. lipnja i 10. srpnja), putem artionice te online \u2013 na muzejskim mre\u017enim stranicama i dru\u0161tvenim mre\u017eama.<\/p>\n\n\n\n<hr class=\"wp-block-separator\"\/>\n\n\n\n<p>Izvor: <a href=\"https:\/\/www.hismus.hr\/hr\/novosti\/aktualno\/izlozba\/uskoro\/\">https:\/\/www.hismus.hr\/hr\/novosti\/aktualno\/izlozba\/uskoro\/<\/a><\/p>\n\n\n\n<hr class=\"wp-block-separator\"\/>\n","protected":false},"excerpt":{"rendered":"","protected":false},"author":2,"featured_media":26303,"comment_status":"open","ping_status":"open","sticky":false,"template":"","format":"standard","meta":{"_acf_changed":false,"jetpack_post_was_ever_published":false,"_jetpack_newsletter_access":"","_jetpack_dont_email_post_to_subs":false,"_jetpack_newsletter_tier_id":0,"_jetpack_memberships_contains_paywalled_content":false,"_jetpack_memberships_contains_paid_content":false,"footnotes":"","jetpack_publicize_message":"","jetpack_publicize_feature_enabled":true,"jetpack_social_post_already_shared":true,"jetpack_social_options":{"image_generator_settings":{"template":"highway","default_image_id":0,"font":"","enabled":false},"version":2}},"categories":[10,3],"tags":[],"class_list":["post-26302","post","type-post","status-publish","format-standard","has-post-thumbnail","hentry","category-izlozbe","category-novosti"],"acf":{"facebook_opis":""},"jetpack_publicize_connections":[],"jetpack_featured_media_url":"https:\/\/i0.wp.com\/historiografija.hr\/wp-content\/uploads\/2021\/05\/mac_web_lightbox.jpg?fit=1400%2C833&ssl=1","jetpack_sharing_enabled":true,"jetpack-related-posts":[],"_links":{"self":[{"href":"https:\/\/historiografija.hr\/index.php?rest_route=\/wp\/v2\/posts\/26302","targetHints":{"allow":["GET"]}}],"collection":[{"href":"https:\/\/historiografija.hr\/index.php?rest_route=\/wp\/v2\/posts"}],"about":[{"href":"https:\/\/historiografija.hr\/index.php?rest_route=\/wp\/v2\/types\/post"}],"author":[{"embeddable":true,"href":"https:\/\/historiografija.hr\/index.php?rest_route=\/wp\/v2\/users\/2"}],"replies":[{"embeddable":true,"href":"https:\/\/historiografija.hr\/index.php?rest_route=%2Fwp%2Fv2%2Fcomments&post=26302"}],"version-history":[{"count":1,"href":"https:\/\/historiografija.hr\/index.php?rest_route=\/wp\/v2\/posts\/26302\/revisions"}],"predecessor-version":[{"id":26304,"href":"https:\/\/historiografija.hr\/index.php?rest_route=\/wp\/v2\/posts\/26302\/revisions\/26304"}],"wp:featuredmedia":[{"embeddable":true,"href":"https:\/\/historiografija.hr\/index.php?rest_route=\/wp\/v2\/media\/26303"}],"wp:attachment":[{"href":"https:\/\/historiografija.hr\/index.php?rest_route=%2Fwp%2Fv2%2Fmedia&parent=26302"}],"wp:term":[{"taxonomy":"category","embeddable":true,"href":"https:\/\/historiografija.hr\/index.php?rest_route=%2Fwp%2Fv2%2Fcategories&post=26302"},{"taxonomy":"post_tag","embeddable":true,"href":"https:\/\/historiografija.hr\/index.php?rest_route=%2Fwp%2Fv2%2Ftags&post=26302"}],"curies":[{"name":"wp","href":"https:\/\/api.w.org\/{rel}","templated":true}]}}