{"id":26299,"date":"2021-05-14T22:42:39","date_gmt":"2021-05-14T22:42:39","guid":{"rendered":"http:\/\/historiografija.hr\/?p=26299"},"modified":"2021-05-14T22:42:39","modified_gmt":"2021-05-14T22:42:39","slug":"medunarodni-dan-muzeja-2021-oporavak-i-ponovno-osmisljavanje","status":"publish","type":"post","link":"https:\/\/historiografija.hr\/?p=26299","title":{"rendered":"Me\u0111unarodni dan muzeja 2021. \u2013 oporavak i ponovno osmi\u0161ljavanje"},"content":{"rendered":"\n<p>Muzeji diljem Hrvatske i svijeta obilje\u017eit \u0107e u utorak 18. svibnja 2021. svoj dan \u2013 <strong>Me\u0111unarodni dan muzeja<\/strong>. Mnogi \u0107e slaviti \u010dinjenicu da su se napokon mogli otvoriti, a drugi \u0107e ponuditi programe u skladu s jo\u0161 uvijek va\u017ee\u0107im mjerama &#8211; od onih koji su jo\u0161 uvijek u virtualnome svijetu preko jedva do\u010dekanih izlo\u017ebi u stvarnome svijetu, besplatnih razgleda i vo\u0111enja, biciklijada i \u0161etnji gradom, a jedan nas muzej \u010dak poziva na kola\u010de.<\/p>\n\n\n\n<p>Nositelj manifestacije i ove je godine <strong>Muzejski dokumentacijski centar (MDC)<\/strong> na \u010diju se inicijativu Me\u0111unarodni dan muzeja u Hrvatskoj obilje\u017eava od 1980. godine, a ovogodi\u0161njom temom <strong>\u201eBudu\u0107nost muzeja: oporavak i ponovno osmi\u0161ljavanje\u201c<\/strong> Me\u0111unarodni savjet muzeja (ICOM) sa sjedi\u0161tem u Parizu pozvao je muzejsku zajednicu na promi\u0161ljanje o novim odr\u017eivim muzejskim modelima koji \u0107e kroz dru\u0161tveni anga\u017eman, racionalno kori\u0161tenje resursa i stvaranje inovativnih kulturnih do\u017eivljaja odgovoriti na socijalne, ekonomske i klimatske izazove dana\u0161njice.<\/p>\n\n\n\n<p>Kako su potresi ponovno otvorili pitanje muzejskih \u010duvaonica Etnografski muzej u Zagrebu u suradnji s Gradom Zagrebom, Muzejom za umjetnost i obrt, ICOM HR i Muzejskim dokumentacijskim centrom 18. i 19. svibnja organizira <strong>konferenciju &#8220;Muzejske \u010duvaonice &#8211; od brige o zbirkama do politike sabiranja\u201d<\/strong> na kojoj \u0107e sudjelovati \u010detrdesetak stru\u010dnjaka koji \u0107e govoriti o tome kolike su potrebe zagreba\u010dkih muzeja za \u010duvaonicama, gdje i kako \u010duvamo muzejsku gra\u0111u u Hrvatskoj, te predstaviti niz primjera ure\u0111enja, preseljenja, ali i privremenih rje\u0161enja za smje\u0161taj gra\u0111e koja su nam nametnuli potresi. Muzejski dokumentacijski centar na konferenciji \u0107e predstaviti rezultate prvog velikog istra\u017eivanja uvjeta u kojima \u010duvamo ba\u0161tinu.<\/p>\n\n\n\n<p>U obilje\u017eavanju Me\u0111unarodnog dana muzeja sudjeluju i muzeji koji su zbog posljedica potresa zatvoreni pa tako Hrvatski povijesni muzej, nakon vi\u0161e od godinu dana stanke u Klovi\u0107evim dvorima otvora izlo\u017ebu \u201eMa\u010d \u2013 jednom davno \u2026\u201c kojom \u0107e posjetiteljima pribli\u017eiti mitsko oru\u017eje kojim su se \u201estvarala i ru\u0161ila carstva, krojile granice i oblikovala povijest svijeta\u201c. Nacionalni muzej moderne umjetnosti poziva na besplatan razgled njegovog novog postava, Muzej za umjetnost i obrt na izlo\u017ebu \u201eRafael &#8211; na ishodi\u0161tu mita\u201c, a kao poseban dio programa putem dru\u0161tvenih mre\u017ea \u0107e emitirati video koji otkriva mi\u0161ljenje op\u0107e javnosti o budu\u0107nosti muzeja, njihovom opravku i ponovnom o\u017eivljavanju.<\/p>\n\n\n\n<p>Hrvatski muzej turizma u Opatiji nudi izlo\u017ebu \u201cOpatijski album To\u0161e Dapca\u201d, Samoborski muzej radionicu za djecu nazvanu po Ferdi Livadi\u0107u &#8211; \u201cFerdionica\u201d, Hrvatski muzej naivne umjetnosti da okusite slatke i slane zalogaje inspirirane njihovom zbirkom, a Muzej suvremene umjetnosti u Zagrebu u bogatom programu ima i oslikavanje murala. Muzej grada Pazina izlo\u017ebom &#8220;Dobro do\u0161li! \u2013 75 godina od boravka Me\u0111usavezni\u010dke komisije za razgrani\u010denje u Istri&#8221; vratit \u0107e nas u o\u017eujak 1946. godine kad jo\u0161 nisu bile definirane poslijeratne granice izme\u0111u Italije i Jugoslavije, do\u010darati ozra\u010dje koje je vladalo u Zonama A i B i rekonstruirati put kojim je Komisija obilazila Julijsku krajinu, dok \u0107e Muzej Brodskog Posavlja izlo\u017ebom \u201eSakupljamo zajedno &#8211; prinove 2016.-2020.\u201c, kroz odabir muzejskih predmeta sakupljenih u proteklih pet godina s podru\u010dja grada Slavonskog Broda i Brodskog Posavlja, publici pribli\u017eiti tradicionalne funkcije prikupljanja, \u010duvanja i prezentiranja ba\u0161tine.<\/p>\n\n\n\n<p>Zanimljiv program priredio je i Muzej grada Koprivnice koji \u0107e uz otvorenje izlo\u017ebi, koncerta, razli\u010ditih prezentacija muzejskoga rada organizirati doga\u0111anje za gra\u0111ane &#8211; u opu\u0161tenoj atmosferi u sklopu \u201eMuzejske biciklijade \u2013 od Zrinskog do Generali\u0107evog trga\u201c provesti \u0107e ih umjetni\u010dkom rutom koja uklju\u010duje posjet Galeriji Ivan Saboli\u0107, grobu Ivana Ganerali\u0107a u Sigecu, Galeriji naivne umjetnosti i Galeriji Josip Generali\u0107 u Hlebinama.<\/p>\n\n\n\n<p>Da muzealci u ovim zahtjevnim vremenima imaju vizije svoga budu\u0107eg rada potvr\u0111uju stru\u010dnjaci Muzeja grada \u0160ibenika koji \u0107e prezentirati u \u201e\u017eivo\u201c putem trenutno najpopularnije dru\u0161tvene mre\u017ee Facebooka, projekte koje planiraju u skoroj budu\u0107nosti. To nas ohrabruje i pokazuje da ova na\u0161a hrvatska zajednica nije pred aktualnim neda\u0107ama stala ve\u0107 \u017eeli ba\u0161tinu istra\u017eivati i komunicirati je kako bi ona postala globalno prepoznatljiva.<\/p>\n\n\n\n<p>Cjelokupni program obilje\u017eavanja Me\u0111unarodnog dana muzeja dostupan je na <a href=\"https:\/\/www.mdc.hr\/hr\/kalendar\/pregled-mjeseca\/medunarodni-dan-muzeja?y=2021\" target=\"_blank\" rel=\"noreferrer noopener\">internetskim stranicama Muzejskog dokumentacijskog centra<\/a>.<\/p>\n\n\n\n<p>(MDC)<\/p>\n\n\n\n<hr class=\"wp-block-separator\"\/>\n","protected":false},"excerpt":{"rendered":"","protected":false},"author":2,"featured_media":26300,"comment_status":"open","ping_status":"open","sticky":false,"template":"","format":"standard","meta":{"_acf_changed":false,"jetpack_post_was_ever_published":false,"_jetpack_newsletter_access":"","_jetpack_dont_email_post_to_subs":false,"_jetpack_newsletter_tier_id":0,"_jetpack_memberships_contains_paywalled_content":false,"_jetpack_memberships_contains_paid_content":false,"footnotes":"","jetpack_publicize_message":"","jetpack_publicize_feature_enabled":true,"jetpack_social_post_already_shared":true,"jetpack_social_options":{"image_generator_settings":{"template":"highway","default_image_id":0,"font":"","enabled":false},"version":2}},"categories":[10,3],"tags":[],"class_list":["post-26299","post","type-post","status-publish","format-standard","has-post-thumbnail","hentry","category-izlozbe","category-novosti"],"acf":{"facebook_opis":""},"jetpack_publicize_connections":[],"jetpack_featured_media_url":"https:\/\/i0.wp.com\/historiografija.hr\/wp-content\/uploads\/2021\/05\/MDM2020_pic.jpg?fit=800%2C587&ssl=1","jetpack_sharing_enabled":true,"jetpack-related-posts":[],"_links":{"self":[{"href":"https:\/\/historiografija.hr\/index.php?rest_route=\/wp\/v2\/posts\/26299","targetHints":{"allow":["GET"]}}],"collection":[{"href":"https:\/\/historiografija.hr\/index.php?rest_route=\/wp\/v2\/posts"}],"about":[{"href":"https:\/\/historiografija.hr\/index.php?rest_route=\/wp\/v2\/types\/post"}],"author":[{"embeddable":true,"href":"https:\/\/historiografija.hr\/index.php?rest_route=\/wp\/v2\/users\/2"}],"replies":[{"embeddable":true,"href":"https:\/\/historiografija.hr\/index.php?rest_route=%2Fwp%2Fv2%2Fcomments&post=26299"}],"version-history":[{"count":1,"href":"https:\/\/historiografija.hr\/index.php?rest_route=\/wp\/v2\/posts\/26299\/revisions"}],"predecessor-version":[{"id":26301,"href":"https:\/\/historiografija.hr\/index.php?rest_route=\/wp\/v2\/posts\/26299\/revisions\/26301"}],"wp:featuredmedia":[{"embeddable":true,"href":"https:\/\/historiografija.hr\/index.php?rest_route=\/wp\/v2\/media\/26300"}],"wp:attachment":[{"href":"https:\/\/historiografija.hr\/index.php?rest_route=%2Fwp%2Fv2%2Fmedia&parent=26299"}],"wp:term":[{"taxonomy":"category","embeddable":true,"href":"https:\/\/historiografija.hr\/index.php?rest_route=%2Fwp%2Fv2%2Fcategories&post=26299"},{"taxonomy":"post_tag","embeddable":true,"href":"https:\/\/historiografija.hr\/index.php?rest_route=%2Fwp%2Fv2%2Ftags&post=26299"}],"curies":[{"name":"wp","href":"https:\/\/api.w.org\/{rel}","templated":true}]}}