{"id":26276,"date":"2021-05-13T21:48:30","date_gmt":"2021-05-13T21:48:30","guid":{"rendered":"http:\/\/historiografija.hr\/?p=26276"},"modified":"2021-05-13T21:48:30","modified_gmt":"2021-05-13T21:48:30","slug":"mihael-martens-san-zvan-jugoslavija-razgovori-o-ivi-andricu","status":"publish","type":"post","link":"https:\/\/historiografija.hr\/?p=26276","title":{"rendered":"Mihael Martens, &#8220;San zvan Jugoslavija: Razgovori o Ivi Andri\u0107u&#8221;"},"content":{"rendered":"\n<p>&#8220;Evo jednog detalja koji mi je bio zanimljiv. Od o\u017eujka do kolovoza 1943. vlakovi za deportaciju sa skoro 50 000 \u017didova iz Soluna prelaze preko Balkana prema Auschwitzu i Treblinki. Oni prolaze i kroz Beograd. Iz Prizrenske ulice, gdje tada stanuje, Andri\u0107 ima pogled na \u017eeljezni\u010dku stanicu. \u010cesto promatra \u0161to se tamo doga\u0111a, \u0161to se vidi i u njegovim bilje\u017enicama. Svatko tko ovo zna, ne\u0107e mo\u0107i pro\u010ditati jedan pasus iz Na Drini \u0107uprija, a da ne pomisli na ovo. To je opis Vi\u0161egrada koji povezuje \u017eeljeznica. Cijeli grad slavi. Ali ne Alihod\u017ea, muslimanski trgovac staromodnih pogleda i izgleda. On upozorava mladog trgovca koji je vrlo entuzijasti\u010dan zbog dolaska vlaka i svih mogu\u0107nosti: &#8216;Vozaj se ti, \u017eiv bio, vozaj kud god ho\u0107e\u0161, ama sve se bojim da \u0107e ti to vozanje jednog dana na nos udariti. Do\u0107i \u0107e vrijeme pa \u0107e te \u0160vabo voziti i tamo gdje ti nije milo i gdje nikad pomislio nisi da ide\u0161.&#8217; A ovo je, ponavljam, napisano okvirno u isto vrijeme kada su vlakovi s deportiranim \u017didovima iz Soluna prolazili kroz Beograd.&#8221; (Iz razgovora s Markom Prelevi\u0107em)<\/p>\n\n\n\n<p>U godini kada se obilje\u017eava 60. obljetnica dodjele Nobelove nagrade<strong> Ivi Andri\u0107u<\/strong>, <strong>Michael Martens<\/strong> donosi nam svojevrsnu dopunu i nastavak &#8220;Vatre u vatri&#8221;, jedne od najzapa\u017eenijih knjiga 2020. godine.<\/p>\n\n\n\n<hr class=\"wp-block-separator\"\/>\n\n\n\n<p>San zvan Jugoslavija pri\u010da je o europskom dvadesetom stolje\u0107u: od velikih monarhija, preko dva svjetska rata, do formiranja i kriza novih dr\u017eava. Sve ono \u0161to se zbiva oko te, kao i Andri\u0107evih, knjige \u2013 svi prigovori, napadi, ignoriranja, konstrukcije, u\u010ditavanja \u2013 pri\u010da je o na\u0161im prostorima na po\u010detku novog tisu\u0107lje\u0107a. Tu onda prestaje biti va\u017eno jeste li Andri\u0107ev obo\u017eavatelj ili niste. On vam se nudi kao lakmus papir dru\u0161tvenih zastranjenja, indikator otvorenosti dru\u0161tava ili mjera\u010d sposobnosti nadila\u017eenja kulturnih ograni\u010denja.<\/p>\n\n\n\n<p>\u201eNema prikladnijeg naslova za ovu knjigu od San zvan Jugoslavija. To je naslov u kojem je sadr\u017eano sve. Na\u0161e slabosti, na\u0161i strahovi; ono \u0161to nas sputava i ono \u0161to zbog opse\u017enosti ne mo\u017eemo sagledati ili razumjeti. Te\u0161ko je shvatiti da je identitet raznolik, da se tijekom \u010dovjekova \u017eivota mijenja te da mo\u017ee biti sastavljen od razli\u010ditih komponenata, pa se jedan te isti \u010dovjek mo\u017ee nekada osjetiti Hrvatom, nekada Bosancem, nekada Srbinom, a nekada sve to skupa sklopiti u jedan identitetski mozaik, pa ga, u nedostatku drugih rje\u0161enja, zaogrnuti Jugoslavijom. Te\u0161ko je shvatiti da su nekome tko je govorio desetak jezika, \u017eivio u isto toliko svjetskih metropola, te na policama imao isto toliko razli\u010ditih klasika koje je \u010ditao na izvornim jezicima, dakle, da su takvom \u010dovjeku previ\u0161e uske (nacionalne) kategorije na koje bi ga mi htjeli svesti. Te\u0161ko je shvatiti da je nekada taj politi\u010dki ideal imao druga\u010dije konotacije i da ga ne mo\u017eemo sagledavati perspektivama kontaminiranima novijim traumati\u010dnim iskustvima, umjesto vremenu koje mu pripada. Sve te te\u017eine Martens je sa\u017eeo u svoj naslov.<\/p>\n\n\n\n<p>\u2014 Neboj\u0161a Lujanovi\u0107<\/p>\n\n\n\n<hr class=\"wp-block-separator\"\/>\n\n\n\n<p><strong>O autoru<\/strong><\/p>\n\n\n\n<p><strong>Michael Martens<\/strong> (Hamburg, 1973), njema\u010dki je novinar, pisac i stru\u010dnjak za balkanska pitanja, dugogodi\u0161nji politi\u010dki dopisnik lista Frankfurter Allgemeine Zeitung. Tokom svoje novinarske karijere Martens je izvje\u0161tavao iz Sankt-Peterburga, Atene, Istanbula, Beograda i Be\u010da. Dosada je napisao dokumentarni roman U potrazi za junakom \u2013 Pri\u010da o vojniku koji nije htio ubijati (2011) i monografiju Vatra u vatri: Ivo Andri\u0107 \u2013 jedan europski \u017eivot (2020).<\/p>\n\n\n\n<hr class=\"wp-block-separator\"\/>\n\n\n\n<p>Zagreb: Naklada Ljevak, 2021.<\/p>\n\n\n\n<hr class=\"wp-block-separator\"\/>\n\n\n\n<p>Izvori:<\/p>\n\n\n\n<p><a href=\"https:\/\/www.ljevak.hr\/publicistika\/26374-san-zvan-jugoslavija.html\">https:\/\/www.ljevak.hr\/publicistika\/26374-san-zvan-jugoslavija.html<\/a><\/p>\n\n\n\n<p><a href=\"https:\/\/mvinfo.hr\/knjiga\/14546\/san-zvan-jugoslavija-razgovori-o-ivi-andricu\">https:\/\/mvinfo.hr\/knjiga\/14546\/san-zvan-jugoslavija-razgovori-o-ivi-andricu<\/a><\/p>\n\n\n\n<hr class=\"wp-block-separator\"\/>\n","protected":false},"excerpt":{"rendered":"","protected":false},"author":2,"featured_media":26277,"comment_status":"open","ping_status":"open","sticky":false,"template":"","format":"standard","meta":{"_acf_changed":false,"jetpack_post_was_ever_published":false,"_jetpack_newsletter_access":"","_jetpack_dont_email_post_to_subs":false,"_jetpack_newsletter_tier_id":0,"_jetpack_memberships_contains_paywalled_content":false,"_jetpack_memberships_contains_paid_content":false,"footnotes":"","jetpack_publicize_message":"","jetpack_publicize_feature_enabled":true,"jetpack_social_post_already_shared":true,"jetpack_social_options":{"image_generator_settings":{"template":"highway","default_image_id":0,"font":"","enabled":false},"version":2}},"categories":[8,3,12],"tags":[],"class_list":["post-26276","post","type-post","status-publish","format-standard","has-post-thumbnail","hentry","category-knjige","category-novosti","category-knjizevnost"],"acf":{"facebook_opis":""},"jetpack_publicize_connections":[],"jetpack_featured_media_url":"https:\/\/i0.wp.com\/historiografija.hr\/wp-content\/uploads\/2021\/05\/san-zvan-jugoslavija.jpg?fit=570%2C678&ssl=1","jetpack_sharing_enabled":true,"jetpack-related-posts":[],"_links":{"self":[{"href":"https:\/\/historiografija.hr\/index.php?rest_route=\/wp\/v2\/posts\/26276","targetHints":{"allow":["GET"]}}],"collection":[{"href":"https:\/\/historiografija.hr\/index.php?rest_route=\/wp\/v2\/posts"}],"about":[{"href":"https:\/\/historiografija.hr\/index.php?rest_route=\/wp\/v2\/types\/post"}],"author":[{"embeddable":true,"href":"https:\/\/historiografija.hr\/index.php?rest_route=\/wp\/v2\/users\/2"}],"replies":[{"embeddable":true,"href":"https:\/\/historiografija.hr\/index.php?rest_route=%2Fwp%2Fv2%2Fcomments&post=26276"}],"version-history":[{"count":1,"href":"https:\/\/historiografija.hr\/index.php?rest_route=\/wp\/v2\/posts\/26276\/revisions"}],"predecessor-version":[{"id":26278,"href":"https:\/\/historiografija.hr\/index.php?rest_route=\/wp\/v2\/posts\/26276\/revisions\/26278"}],"wp:featuredmedia":[{"embeddable":true,"href":"https:\/\/historiografija.hr\/index.php?rest_route=\/wp\/v2\/media\/26277"}],"wp:attachment":[{"href":"https:\/\/historiografija.hr\/index.php?rest_route=%2Fwp%2Fv2%2Fmedia&parent=26276"}],"wp:term":[{"taxonomy":"category","embeddable":true,"href":"https:\/\/historiografija.hr\/index.php?rest_route=%2Fwp%2Fv2%2Fcategories&post=26276"},{"taxonomy":"post_tag","embeddable":true,"href":"https:\/\/historiografija.hr\/index.php?rest_route=%2Fwp%2Fv2%2Ftags&post=26276"}],"curies":[{"name":"wp","href":"https:\/\/api.w.org\/{rel}","templated":true}]}}