{"id":26274,"date":"2021-05-13T21:34:20","date_gmt":"2021-05-13T21:34:20","guid":{"rendered":"http:\/\/historiografija.hr\/?p=26274"},"modified":"2022-07-15T14:00:15","modified_gmt":"2022-07-15T14:00:15","slug":"tragovi-casopis-za-srpske-i-hrvatske-teme-br-1-2021","status":"publish","type":"post","link":"https:\/\/historiografija.hr\/?p=26274","title":{"rendered":"\u201cTragovi: \u010dasopis za srpske i hrvatske teme\u201d (br. 1-2021)"},"content":{"rendered":"\n<p>Novi broj \u201cTragova: \u010dasopisa za srpske i hrvatske teme\u201d (god. 4, br. 1, 2021), koji \u0107e biti predstavljen na Festivalu povijesti \u2013 Kliofest u petak, 14. svibnja 2021. \u2013 dostupan je na portalu hrvatskih znanstvenih i stru\u010dnih \u010dasopisa Hr\u010dak. Op\u0161irnije u nastavku.<\/p>\n\n\n\n<hr class=\"wp-block-separator\"\/>\n\n\n\n<p><a href=\"https:\/\/hrcak.srce.hr\/tragovi\">https:\/\/hrcak.srce.hr\/tragovi<\/a><\/p>\n\n\n\n<hr class=\"wp-block-separator\"\/>\n\n\n\n<p>SADR\u017dAJ<\/p>\n\n\n\n<hr class=\"wp-block-separator\"\/>\n\n\n\n<p><strong>\u010clanci<\/strong><\/p>\n\n\n\n<hr class=\"wp-block-separator\"\/>\n\n\n\n<p>Filip \u0160kiljan<\/p>\n\n\n\n<p>Identitet, stradanje, sje\u0107anje i asimilacija Srba na podru\u010dju Grubi\u0161nog Polja i Bjelovara<\/p>\n\n\n\n<hr class=\"wp-block-separator\"\/>\n\n\n\n<p>Vinko Dra\u010da<\/p>\n\n\n\n<p>Izvje\u0161taji iz &#8220;Balvanije&#8221;: imagolo\u0161ka artikulacija pobune Srba u Hrvatskoj u &#8220;Slobodnoj Dalmaciji&#8221; i &#8220;Glasu Slavonije&#8221;<\/p>\n\n\n\n<hr class=\"wp-block-separator\"\/>\n\n\n\n<p>Stefan Gu\u017evica<\/p>\n\n\n\n<p>Jugoslavija ili Balkanska federacija? Dileme jugoslovenskih komunista u doba Oktobarske revolucije<\/p>\n\n\n\n<hr class=\"wp-block-separator\"\/>\n\n\n\n<p>Kre\u0161imir Dabo<\/p>\n\n\n\n<p>Ruku pod ruku, Kolo i Lado, ponovno zajedno<\/p>\n\n\n\n<hr class=\"wp-block-separator\"\/>\n\n\n\n<p>\u017deljko Karaula<\/p>\n\n\n\n<p>Jedan izvor o Stjepanu Radi\u0107u i njegovom &#8220;politi\u010dkom preokretu&#8221; u prolje\u0107e 1918. godine<\/p>\n\n\n\n<hr class=\"wp-block-separator\"\/>\n\n\n\n<p><strong>Polemika<\/strong><\/p>\n\n\n\n<hr class=\"wp-block-separator\"\/>\n\n\n\n<p>Davorka Turk<\/p>\n\n\n\n<p>&nbsp;Pravilo pretjerane generalizacije: jo\u0161 o knjizi Lee David &#8220;Pro\u0161lost nas ne mo\u017ee izlije\u010diti&#8221;<\/p>\n\n\n\n<hr class=\"wp-block-separator\"\/>\n\n\n\n<p><strong>Recenzije knjiga<\/strong><\/p>\n\n\n\n<hr class=\"wp-block-separator\"\/>\n\n\n\n<p>Franti\u0161ek \u0160istek (ur): Imagining Bosnian Muslims in Central Europe: Representations, Transfers and Exchanges<\/p>\n\n\n\n<p>Dejan Jovi\u0107<\/p>\n\n\n\n<hr class=\"wp-block-separator\"\/>\n\n\n\n<p>Milan Koljanin (prir.): Usta\u0161ka zverstva: zbornik dokumenata (1941.- 1942.)<\/p>\n\n\n\n<p>Milan Radanovi\u0107<\/p>\n\n\n\n<hr class=\"wp-block-separator\"\/>\n\n\n\n<p>Veselin Golubovi\u0107: Zagreba\u010dka filozofija prakse: na putu k povijesnom mi\u0161ljenju novog<\/p>\n\n\n\n<p>Andrej \u0160imi\u0107<\/p>\n\n\n\n<hr class=\"wp-block-separator\"\/>\n\n\n\n<p>Mila Dragojevi\u0107: Identiteti u ratu: civilne \u017ertve u komparativnoj perspektivi<\/p>\n\n\n\n<p>Dejan Jovi\u0107<\/p>\n\n\n\n<hr class=\"wp-block-separator\"\/>\n\n\n\n<p>Igor \u010coko i Slaven Ra\u0161kovi\u0107: \u017divot u limbu: knjiga o\u017eiljaka<\/p>\n\n\n\n<p>TIhomir Pono\u0161<\/p>\n\n\n\n<hr class=\"wp-block-separator\"\/>\n\n\n\n<p>Nikola Petkovi\u0107: O \u010demu govorimo kada govorimo o identitetu<\/p>\n\n\n\n<p>Dejan Jovi\u0107<\/p>\n\n\n\n<hr class=\"wp-block-separator\"\/>\n\n\n\n<p><strong>Predstavljanje novog broja \u010dasopisa Tragovi na Kliofestu<\/strong><\/p>\n\n\n\n<p><a href=\"https:\/\/www.portalnovosti.com\/predstavljanje-novog-broja-casopisa-tragovi-na-kliofestu\">https:\/\/www.portalnovosti.com\/predstavljanje-novog-broja-casopisa-tragovi-na-kliofestu<\/a><\/p>\n\n\n\n<hr class=\"wp-block-separator\"\/>\n\n\n\n<figure class=\"wp-block-embed-youtube wp-block-embed is-type-video is-provider-youtube wp-embed-aspect-16-9 wp-has-aspect-ratio\"><div class=\"wp-block-embed__wrapper\">\n<span class=\"embed-youtube\" style=\"text-align:center; display: block;\"><iframe loading=\"lazy\" class=\"youtube-player\" width=\"860\" height=\"484\" src=\"https:\/\/www.youtube.com\/embed\/pprY_spKcBQ?version=3&#038;rel=1&#038;showsearch=0&#038;showinfo=1&#038;iv_load_policy=1&#038;fs=1&#038;hl=hr&#038;autohide=2&#038;wmode=transparent\" allowfullscreen=\"true\" style=\"border:0;\" sandbox=\"allow-scripts allow-same-origin allow-popups allow-presentation allow-popups-to-escape-sandbox\"><\/iframe><\/span>\n<\/div><\/figure>\n\n\n\n<hr class=\"wp-block-separator\"\/>\n","protected":false},"excerpt":{"rendered":"","protected":false},"author":2,"featured_media":26271,"comment_status":"open","ping_status":"open","sticky":false,"template":"","format":"standard","meta":{"_acf_changed":false,"jetpack_post_was_ever_published":false,"_jetpack_newsletter_access":"","_jetpack_dont_email_post_to_subs":false,"_jetpack_newsletter_tier_id":0,"_jetpack_memberships_contains_paywalled_content":false,"_jetpack_memberships_contains_paid_content":false,"footnotes":"","jetpack_publicize_message":"","jetpack_publicize_feature_enabled":true,"jetpack_social_post_already_shared":true,"jetpack_social_options":{"image_generator_settings":{"template":"highway","default_image_id":0,"font":"","enabled":false},"version":2}},"categories":[21,3],"tags":[],"class_list":["post-26274","post","type-post","status-publish","format-standard","has-post-thumbnail","hentry","category-casopisi","category-novosti"],"acf":{"facebook_opis":""},"jetpack_publicize_connections":[],"jetpack_featured_media_url":"https:\/\/i0.wp.com\/historiografija.hr\/wp-content\/uploads\/2021\/05\/Tragovi.jpeg?fit=970%2C1295&ssl=1","jetpack_sharing_enabled":true,"jetpack-related-posts":[],"_links":{"self":[{"href":"https:\/\/historiografija.hr\/index.php?rest_route=\/wp\/v2\/posts\/26274","targetHints":{"allow":["GET"]}}],"collection":[{"href":"https:\/\/historiografija.hr\/index.php?rest_route=\/wp\/v2\/posts"}],"about":[{"href":"https:\/\/historiografija.hr\/index.php?rest_route=\/wp\/v2\/types\/post"}],"author":[{"embeddable":true,"href":"https:\/\/historiografija.hr\/index.php?rest_route=\/wp\/v2\/users\/2"}],"replies":[{"embeddable":true,"href":"https:\/\/historiografija.hr\/index.php?rest_route=%2Fwp%2Fv2%2Fcomments&post=26274"}],"version-history":[{"count":2,"href":"https:\/\/historiografija.hr\/index.php?rest_route=\/wp\/v2\/posts\/26274\/revisions"}],"predecessor-version":[{"id":32111,"href":"https:\/\/historiografija.hr\/index.php?rest_route=\/wp\/v2\/posts\/26274\/revisions\/32111"}],"wp:featuredmedia":[{"embeddable":true,"href":"https:\/\/historiografija.hr\/index.php?rest_route=\/wp\/v2\/media\/26271"}],"wp:attachment":[{"href":"https:\/\/historiografija.hr\/index.php?rest_route=%2Fwp%2Fv2%2Fmedia&parent=26274"}],"wp:term":[{"taxonomy":"category","embeddable":true,"href":"https:\/\/historiografija.hr\/index.php?rest_route=%2Fwp%2Fv2%2Fcategories&post=26274"},{"taxonomy":"post_tag","embeddable":true,"href":"https:\/\/historiografija.hr\/index.php?rest_route=%2Fwp%2Fv2%2Ftags&post=26274"}],"curies":[{"name":"wp","href":"https:\/\/api.w.org\/{rel}","templated":true}]}}