{"id":26256,"date":"2021-05-13T20:22:44","date_gmt":"2021-05-13T20:22:44","guid":{"rendered":"http:\/\/historiografija.hr\/?p=26256"},"modified":"2021-05-13T20:27:07","modified_gmt":"2021-05-13T20:27:07","slug":"vladimir-strugar-zeljko-karaula-hrvoje-petric-vjenceslav-herout-kronologija-povijesti-gradova-bjelovarsko-bilogorske-zupanije","status":"publish","type":"post","link":"https:\/\/historiografija.hr\/?p=26256","title":{"rendered":"Vladimir Strugar, \u017deljko Karaula, Hrvoje Petri\u0107, Vjenceslav Herout, \u201cKronologija povijesti gradova Bjelovarsko-bilogorske \u017eupanije\u201d"},"content":{"rendered":"\n<p>Zavod za znanstvenoistra\u017eiva\u010dki i umjetni\u010dki rad u Bjelovaru izdao je 12. knjigu svojih Posebnih izdanja: V. Strugar, \u017d, Karaula, H. Petri\u0107, V. Herout, Povijest povijesti gradova Bjelovarsko -bilogorske \u017eupanije (2020.). Sadr\u017eaj knjige podijeljen je u \u0161est poglavlja; prvi je pogovor pod autorstvom prof. dr. sc. V. Strugara, svojevrsna kra\u0107a sinteza povijesti Bjelovarsko-bilogorske \u017eupanije s navo\u0111enjem relevantne literature koja obra\u0111uje to podru\u010dje&nbsp; koji zavr\u0161ava spominjanjem znamenitih osoba koje su na neki na\u010din (npr. ro\u0111enjem) povezane s pojedinim gradovima Bjelovarsko-bilogorske \u017eupanije, a obilje\u017eile su znanstveni, umjetni\u010dki, kulturni i obrazovni \u017eivot \u2013 kako regionalni tako i nacionalni te svjetski&nbsp; te pet poglavlja koja su posve\u0107ena kronologiji povijesti pet gradova Bjelovarsko-bilogorske \u017eupanije (Bjelovar, \u010cazma, Daruvar, Gare\u0161nica i Grubi\u0161no Polje),<\/p>\n\n\n\n<p>Svako poglavlje o povijest gradova ima dvije cjeline: prikaz historiografske i publicisti\u010dke literature o povijesti grada i kronologiju povijesnih doga\u0111aja u kojoj su prikaz i podatci, primjerice o utemeljenju pojedinoga grada, pojedinim povijesnim doga\u0111ajima koji su utjecali na nastanak grada, procesima doseljavanja stanovni\u0161tva, kretanju broja stanovnika u pojedinim razdobljima, promjenama teritorijalnog ustroja te dru\u0161tvenim kretanjima od najstarijih dana do suvremenosti. Spominju se podatci o utemeljenju pojedinih kulturnih i javnih ustanova (\u0161kole, \u010ditaonice, bolnice, kazali\u0161ta, vjerski objekti), dru\u0161tava (npr. dobrovoljno vatrogasno dru\u0161tvo, kulturno-umjetni\u010dko dru\u0161tvo) i gospodarskih subjekata (tvrtke).<\/p>\n\n\n\n<p>Autori su priloga prof. dr. sc. Hrvoje Petri\u0107, koji je napisao kronologiju \u010cazme, dr. sc. Vjenceslav Herout, koji pi\u0161e o Daruvaru, dok je dr. sc. \u017deljko Karaula to u\u010dinio za tri grada: Bjelovar, Gare\u0161nicu i Grubi\u0161no Polje. Recenzenti knjige su akademik Dragutin Feletar i dr. sc. Franko Miro\u0161evi\u0107.<\/p>\n\n\n\n<hr class=\"wp-block-separator\"\/>\n","protected":false},"excerpt":{"rendered":"","protected":false},"author":2,"featured_media":26259,"comment_status":"open","ping_status":"open","sticky":false,"template":"","format":"standard","meta":{"_acf_changed":false,"jetpack_post_was_ever_published":false,"_jetpack_newsletter_access":"","_jetpack_dont_email_post_to_subs":false,"_jetpack_newsletter_tier_id":0,"_jetpack_memberships_contains_paywalled_content":false,"_jetpack_memberships_contains_paid_content":false,"footnotes":"","jetpack_publicize_message":"","jetpack_publicize_feature_enabled":true,"jetpack_social_post_already_shared":true,"jetpack_social_options":{"image_generator_settings":{"template":"highway","default_image_id":0,"font":"","enabled":false},"version":2}},"categories":[8,3],"tags":[],"class_list":["post-26256","post","type-post","status-publish","format-standard","has-post-thumbnail","hentry","category-knjige","category-novosti"],"acf":{"facebook_opis":""},"jetpack_publicize_connections":[],"jetpack_featured_media_url":"https:\/\/i0.wp.com\/historiografija.hr\/wp-content\/uploads\/2021\/05\/Kronologija-povijesti.jpg?fit=987%2C1388&ssl=1","jetpack_sharing_enabled":true,"jetpack-related-posts":[],"_links":{"self":[{"href":"https:\/\/historiografija.hr\/index.php?rest_route=\/wp\/v2\/posts\/26256","targetHints":{"allow":["GET"]}}],"collection":[{"href":"https:\/\/historiografija.hr\/index.php?rest_route=\/wp\/v2\/posts"}],"about":[{"href":"https:\/\/historiografija.hr\/index.php?rest_route=\/wp\/v2\/types\/post"}],"author":[{"embeddable":true,"href":"https:\/\/historiografija.hr\/index.php?rest_route=\/wp\/v2\/users\/2"}],"replies":[{"embeddable":true,"href":"https:\/\/historiografija.hr\/index.php?rest_route=%2Fwp%2Fv2%2Fcomments&post=26256"}],"version-history":[{"count":1,"href":"https:\/\/historiografija.hr\/index.php?rest_route=\/wp\/v2\/posts\/26256\/revisions"}],"predecessor-version":[{"id":26258,"href":"https:\/\/historiografija.hr\/index.php?rest_route=\/wp\/v2\/posts\/26256\/revisions\/26258"}],"wp:featuredmedia":[{"embeddable":true,"href":"https:\/\/historiografija.hr\/index.php?rest_route=\/wp\/v2\/media\/26259"}],"wp:attachment":[{"href":"https:\/\/historiografija.hr\/index.php?rest_route=%2Fwp%2Fv2%2Fmedia&parent=26256"}],"wp:term":[{"taxonomy":"category","embeddable":true,"href":"https:\/\/historiografija.hr\/index.php?rest_route=%2Fwp%2Fv2%2Fcategories&post=26256"},{"taxonomy":"post_tag","embeddable":true,"href":"https:\/\/historiografija.hr\/index.php?rest_route=%2Fwp%2Fv2%2Ftags&post=26256"}],"curies":[{"name":"wp","href":"https:\/\/api.w.org\/{rel}","templated":true}]}}