{"id":26221,"date":"2021-05-11T15:58:12","date_gmt":"2021-05-11T15:58:12","guid":{"rendered":"http:\/\/historiografija.hr\/?p=26221"},"modified":"2021-05-11T15:58:12","modified_gmt":"2021-05-11T15:58:12","slug":"poziv-znanstveni-skup-joanna-rapacka-i-hrvatsko-poljske-knjizevne-i-kulturne-veze","status":"publish","type":"post","link":"https:\/\/historiografija.hr\/?p=26221","title":{"rendered":"Poziv \u2013 znanstveni skup &#8220;Joanna Rapacka i hrvatsko-poljske knji\u017eevne i kulturne veze&#8221;"},"content":{"rendered":"\n<p>Po\u0161tovani,<\/p>\n\n\n\n<p>s rado\u0161\u0107u Vas pozivamo da svojim izlaganjem sudjelujete na Znanstvenome skupu&nbsp;<strong>Joanna Rapacka i hrvatsko-poljske knji\u017eevne i kulturne veze<\/strong>&nbsp;koji \u0107e se odr\u017eati na Sveu\u010dili\u0161tu u Zadru&nbsp;<strong>23. rujna 2021<\/strong>. godine, u povodu 20. obljetnice smrti te istaknute polonistice, kroatistice, slavistice, antologi\u010darke, povjesni\u010darke slavenskih knji\u017eevnosti i kultura. Znanstveni skup organizira Odjel za kroatistiku Sveu\u010dili\u0161ta u Zadru u suradnji s Institutom za slavensku filologiju Jagelonskog sveu\u010dili\u0161ta u Krakovu.<\/p>\n\n\n\n<p>Radujemo se prijavama!<\/p>\n\n\n\n<p><a href=\"https:\/\/www.unizd.hr\/Portals\/8\/obavijesti\/POZIV_JOANNA%20RAPACKA_hrv..pdf\" target=\"_blank\" rel=\"noreferrer noopener\">Poziv&nbsp;(hrv.) <\/a>\/ <a href=\"https:\/\/www.unizd.hr\/Portals\/8\/obavijesti\/POZIV_JOANNA%20RAPACKA_pol..pdf\" target=\"_blank\" rel=\"noreferrer noopener\">Poziv&nbsp;(polj.)<\/a><\/p>\n\n\n\n<p><a href=\"https:\/\/www.unizd.hr\/Portals\/8\/obavijesti\/Prijavni%20obrazac_Joanna%20Rapacka.pdf\" target=\"_blank\" rel=\"noreferrer noopener\">Prijavni obrazac<\/a><\/p>\n\n\n\n<p>Izvor:<\/p>\n\n\n\n<p><a href=\"https:\/\/www.unizd.hr\/obavijesti\/view\/artmid\/18146\/articleid\/43480\/znanstveni-skup-joanna-rapacka-i-hrvatsko-poljske-knji%c5%beevne-i-kulturne-veze\">https:\/\/www.unizd.hr\/obavijesti\/view\/artmid\/18146\/articleid\/43480\/znanstveni-skup-joanna-rapacka-i-hrvatsko-poljske-knji%c5%beevne-i-kulturne-veze<\/a><\/p>\n\n\n\n<p>&#8212;<\/p>\n\n\n\n<p>Joanna Rapacka<\/p>\n\n\n\n<p><strong>Leksikon hrvatskih tradicija<\/strong><\/p>\n\n\n\n<p>Preveo Dalibor Bla\u017eina<\/p>\n\n\n\n<p><a href=\"https:\/\/www.matica.hr\/knjige\/leksikon-hrvatskih-tradicija-185\/\">https:\/\/www.matica.hr\/knjige\/leksikon-hrvatskih-tradicija-185\/<\/a><\/p>\n\n\n\n<hr class=\"wp-block-separator\"\/>\n","protected":false},"excerpt":{"rendered":"","protected":false},"author":2,"featured_media":26222,"comment_status":"open","ping_status":"open","sticky":false,"template":"","format":"standard","meta":{"_acf_changed":false,"jetpack_post_was_ever_published":false,"_jetpack_newsletter_access":"","_jetpack_dont_email_post_to_subs":false,"_jetpack_newsletter_tier_id":0,"_jetpack_memberships_contains_paywalled_content":false,"_jetpack_memberships_contains_paid_content":false,"footnotes":"","jetpack_publicize_message":"","jetpack_publicize_feature_enabled":true,"jetpack_social_post_already_shared":true,"jetpack_social_options":{"image_generator_settings":{"template":"highway","default_image_id":0,"font":"","enabled":false},"version":2}},"categories":[3,9],"tags":[],"class_list":["post-26221","post","type-post","status-publish","format-standard","has-post-thumbnail","hentry","category-novosti","category-skupovi"],"acf":{"facebook_opis":""},"jetpack_publicize_connections":[],"jetpack_featured_media_url":"https:\/\/i0.wp.com\/historiografija.hr\/wp-content\/uploads\/2021\/05\/leksikon-hrvatskih-tradicija.jpeg?fit=543%2C800&ssl=1","jetpack_sharing_enabled":true,"jetpack-related-posts":[],"_links":{"self":[{"href":"https:\/\/historiografija.hr\/index.php?rest_route=\/wp\/v2\/posts\/26221","targetHints":{"allow":["GET"]}}],"collection":[{"href":"https:\/\/historiografija.hr\/index.php?rest_route=\/wp\/v2\/posts"}],"about":[{"href":"https:\/\/historiografija.hr\/index.php?rest_route=\/wp\/v2\/types\/post"}],"author":[{"embeddable":true,"href":"https:\/\/historiografija.hr\/index.php?rest_route=\/wp\/v2\/users\/2"}],"replies":[{"embeddable":true,"href":"https:\/\/historiografija.hr\/index.php?rest_route=%2Fwp%2Fv2%2Fcomments&post=26221"}],"version-history":[{"count":1,"href":"https:\/\/historiografija.hr\/index.php?rest_route=\/wp\/v2\/posts\/26221\/revisions"}],"predecessor-version":[{"id":26223,"href":"https:\/\/historiografija.hr\/index.php?rest_route=\/wp\/v2\/posts\/26221\/revisions\/26223"}],"wp:featuredmedia":[{"embeddable":true,"href":"https:\/\/historiografija.hr\/index.php?rest_route=\/wp\/v2\/media\/26222"}],"wp:attachment":[{"href":"https:\/\/historiografija.hr\/index.php?rest_route=%2Fwp%2Fv2%2Fmedia&parent=26221"}],"wp:term":[{"taxonomy":"category","embeddable":true,"href":"https:\/\/historiografija.hr\/index.php?rest_route=%2Fwp%2Fv2%2Fcategories&post=26221"},{"taxonomy":"post_tag","embeddable":true,"href":"https:\/\/historiografija.hr\/index.php?rest_route=%2Fwp%2Fv2%2Ftags&post=26221"}],"curies":[{"name":"wp","href":"https:\/\/api.w.org\/{rel}","templated":true}]}}