{"id":26196,"date":"2021-05-10T18:43:04","date_gmt":"2021-05-10T18:43:04","guid":{"rendered":"http:\/\/historiografija.hr\/?p=26196"},"modified":"2021-05-10T18:43:04","modified_gmt":"2021-05-10T18:43:04","slug":"kliofest-2021-izlozba-bulwark-of-europe","status":"publish","type":"post","link":"https:\/\/historiografija.hr\/?p=26196","title":{"rendered":"Kliofest 2021: izlo\u017eba \u201cBulwark of Europe\u201d"},"content":{"rendered":"\n<p>U sklopu ovogodi\u0161njeg <a href=\"https:\/\/www.kliofest.hr\/\">festivala povijesti Kliofest<\/a> \u2013 koji se odr\u017eava od 11. do 14. svibnja \u2013 predstavit \u0107e se i studentski projekt \u201c<a href=\"https:\/\/vojnakrajina.ffzg.unizg.hr\/\">Bulwark of Europe \u2013 Digitizing the Habsburg-Ottoman Frontier<\/a>\u201c.<\/p>\n\n\n\n<p><strong><em>Bulwark of Europe<\/em><\/strong> projekt je koji se bavi prou\u010davanjem rane faze Hrvatske i Slavonske vojne krajine, tj. razdobljem od sredine 16. stolje\u0107a do \u201ckonsolidacije\u201d na Saboru u Brucku na Muri 1578. godine. Cilj projekta je pribli\u017eiti Vojnu krajinu \u0161iroj publici na zanimljiv i interaktivan na\u010din. Projekt se prije svega bavi izradom interaktivnih karata putem kojih se mo\u017ee pratiti broj\u010dano stanje svake popisane utvrde te izradom interaktivnih 2D i 3D rekonstrukcija kraji\u0161kih utvrda. Veliki dio aktivnosti projekta usmjeren je i na sferu javne povijesti posredstvom dru\u0161tvenih mre\u017ea \u2013 <a href=\"https:\/\/www.facebook.com\/bulwark.of.europe\/\">Facebooka<\/a> i <a href=\"https:\/\/www.instagram.com\/bulwarkofeurope\/?hl=en\">Instagrama<\/a>.<\/p>\n\n\n\n<p><a href=\"https:\/\/www.facebook.com\/events\/950086019127490\">Izlo\u017ebu projekta<\/a> mo\u0107i \u0107ete pogledati u predvorju <a href=\"https:\/\/www.nsk.hr\/\">Nacionalne i sveu\u010dili\u0161ne knji\u017enice u Zagrebu<\/a> te u digitalnom obliku na <a href=\"https:\/\/www.kliofest.hr\/\">mre\u017enoj stranici<\/a> festivala povijesti Kliofest.<\/p>\n\n\n\n<p><strong>Ukratko o izlo\u017ebi<\/strong><\/p>\n\n\n\n<p><em>Izlo\u017eba od 10 plakata predstavlja projekt \u201cBulwark of Europe \u2013 Digitizing the Habsburg-Ottoman Frontier\u201d. Izlo\u017eba je zami\u0161ljena u tri cjeline. Prva cjelina (plakat 1 \u2013 4) ukratko prezentira osnovne ciljeve projekta te pru\u017ea uvid u okolnosti hrvatsko-slavonskog vojnokraji\u0161kog prostora u 16. stolje\u0107u. Druga cjelina (plakat 5 \u2013 8) na primjeru \u010detiri utvrde (Gradec, Kaptol, Senj\/Nehaj i Konj\u0161\u010dina) egzemplificira mogu\u0107nosti 3D rekonstrukcija i digitalnih pristupa u okviru historiografije. Zadnja cjelina (plakat 9 \u2013 10) prikaz je web-stranici projekta te na\u0161e aktivnosti na dru\u0161tvenim mre\u017eama.<\/em><\/p>\n\n\n\n<p><strong>Predstavljanje projekta<\/strong><\/p>\n\n\n\n<p>Osim izlo\u017ebe projekt \u0107e se predstaviti i <a href=\"https:\/\/www.youtube.com\/watch?v=IPeHmtL3VJI\">kra\u0107im predavanjem<\/a> u kojem \u0107e se u ne\u0161to vi\u0161e detalja pro\u0107i kroz klju\u010dne ideje i aktivnosti projekta. Predavanje \u0107e se odr\u017eati online, a bit \u0107e dostupno za pregled po\u010dev\u0161i od srijede 12. svibnja u 21.30h na <a href=\"https:\/\/www.youtube.com\/watch?v=IPeHmtL3VJI\">YouTube kanalu<\/a> festivala povijesti Kliofest.<\/p>\n\n\n\n<hr class=\"wp-block-separator\"\/>\n\n\n\n<p>Izvori i dodatne informacije:<\/p>\n\n\n\n<figure class=\"wp-block-embed-wordpress wp-block-embed is-type-wp-embed is-provider-povcast-hr\"><div class=\"wp-block-embed__wrapper\">\n<blockquote class=\"wp-embedded-content\" data-secret=\"NhKIfjXXxr\"><a href=\"https:\/\/povcast.hr\/digitalna-i-javna-povijest-u-praksi-izlozba-bulwark-of-europe-11-14-5\/\">Digitalna i javna povijest u praksi &#8211; izlo\u017eba &#8220;Bulwark of Europe&#8221; (11. &#8211; 14. 5.)<\/a><\/blockquote><iframe loading=\"lazy\" class=\"wp-embedded-content\" sandbox=\"allow-scripts\" security=\"restricted\" style=\"position: absolute; clip: rect(1px, 1px, 1px, 1px);\" title=\"&#8220;Digitalna i javna povijest u praksi &#8211; izlo\u017eba &#8220;Bulwark of Europe&#8221; (11. &#8211; 14. 5.)&#8221; &#8212; Povcast.hr\" src=\"https:\/\/povcast.hr\/digitalna-i-javna-povijest-u-praksi-izlozba-bulwark-of-europe-11-14-5\/embed\/#?secret=NhKIfjXXxr\" data-secret=\"NhKIfjXXxr\" width=\"600\" height=\"338\" frameborder=\"0\" marginwidth=\"0\" marginheight=\"0\" scrolling=\"no\"><\/iframe>\n<\/div><\/figure>\n\n\n\n<p><a href=\"https:\/\/www.facebook.com\/events\/950086019127490\/\">https:\/\/www.facebook.com\/events\/950086019127490\/<\/a><\/p>\n\n\n\n<p><a href=\"https:\/\/www.facebook.com\/bulwark.of.europe\">https:\/\/www.facebook.com\/bulwark.of.europe<\/a><\/p>\n\n\n\n<hr class=\"wp-block-separator\"\/>\n","protected":false},"excerpt":{"rendered":"","protected":false},"author":2,"featured_media":21302,"comment_status":"open","ping_status":"open","sticky":false,"template":"","format":"standard","meta":{"_acf_changed":false,"jetpack_post_was_ever_published":false,"_jetpack_newsletter_access":"","_jetpack_dont_email_post_to_subs":false,"_jetpack_newsletter_tier_id":0,"_jetpack_memberships_contains_paywalled_content":false,"_jetpack_memberships_contains_paid_content":false,"footnotes":"","jetpack_publicize_message":"","jetpack_publicize_feature_enabled":true,"jetpack_social_post_already_shared":true,"jetpack_social_options":{"image_generator_settings":{"template":"highway","default_image_id":0,"font":"","enabled":false},"version":2}},"categories":[10,3],"tags":[],"class_list":["post-26196","post","type-post","status-publish","format-standard","has-post-thumbnail","hentry","category-izlozbe","category-novosti"],"acf":{"facebook_opis":""},"jetpack_publicize_connections":[],"jetpack_featured_media_url":"https:\/\/i0.wp.com\/historiografija.hr\/wp-content\/uploads\/2020\/06\/Bulwark-slika.jpg?fit=1190%2C679&ssl=1","jetpack_sharing_enabled":true,"jetpack-related-posts":[],"_links":{"self":[{"href":"https:\/\/historiografija.hr\/index.php?rest_route=\/wp\/v2\/posts\/26196","targetHints":{"allow":["GET"]}}],"collection":[{"href":"https:\/\/historiografija.hr\/index.php?rest_route=\/wp\/v2\/posts"}],"about":[{"href":"https:\/\/historiografija.hr\/index.php?rest_route=\/wp\/v2\/types\/post"}],"author":[{"embeddable":true,"href":"https:\/\/historiografija.hr\/index.php?rest_route=\/wp\/v2\/users\/2"}],"replies":[{"embeddable":true,"href":"https:\/\/historiografija.hr\/index.php?rest_route=%2Fwp%2Fv2%2Fcomments&post=26196"}],"version-history":[{"count":1,"href":"https:\/\/historiografija.hr\/index.php?rest_route=\/wp\/v2\/posts\/26196\/revisions"}],"predecessor-version":[{"id":26197,"href":"https:\/\/historiografija.hr\/index.php?rest_route=\/wp\/v2\/posts\/26196\/revisions\/26197"}],"wp:featuredmedia":[{"embeddable":true,"href":"https:\/\/historiografija.hr\/index.php?rest_route=\/wp\/v2\/media\/21302"}],"wp:attachment":[{"href":"https:\/\/historiografija.hr\/index.php?rest_route=%2Fwp%2Fv2%2Fmedia&parent=26196"}],"wp:term":[{"taxonomy":"category","embeddable":true,"href":"https:\/\/historiografija.hr\/index.php?rest_route=%2Fwp%2Fv2%2Fcategories&post=26196"},{"taxonomy":"post_tag","embeddable":true,"href":"https:\/\/historiografija.hr\/index.php?rest_route=%2Fwp%2Fv2%2Ftags&post=26196"}],"curies":[{"name":"wp","href":"https:\/\/api.w.org\/{rel}","templated":true}]}}