{"id":26176,"date":"2021-05-10T16:33:17","date_gmt":"2021-05-10T16:33:17","guid":{"rendered":"http:\/\/historiografija.hr\/?p=26176"},"modified":"2021-05-10T16:33:17","modified_gmt":"2021-05-10T16:33:17","slug":"martin-previsic-zgodovina-golega-otoka","status":"publish","type":"post","link":"https:\/\/historiografija.hr\/?p=26176","title":{"rendered":"Martin Previ\u0161i\u0107, \u201cZgodovina Golega otoka\u201d"},"content":{"rendered":"\n<p>Izdava\u010dka ku\u0107a Mladinska knjiga iz Ljubljane objavila je 2021. godine knjigu \u201cZgodovina Golega otoka\u201d, slovensko izdanje knjige Martina Previ\u0161i\u0107a \u201cPovijest Golog otoka\u201d koju je preveo Andrej E. Skubic.<\/p>\n\n\n\n<p>&#8212;<\/p>\n\n\n\n<p>Celovit in ve\u010dplasten prikaz \u017eivljenja v tabori\u0161\u010du na Golem otoku med letoma 1949 in 1956, ko so bili tam zaprti politi\u010dni zaporniki, povezani z informbirojem. To je eno najtemnej\u0161ih in najbolj zamol\u010danih poglavij biv\u0161e republike Jugoslavije.<\/p>\n\n\n\n<p>Skozi tabori\u0161\u010de je \u0161lo okoli 13.000 zapornikov. Knjiga temelji na arhivskih virih in literaturi pa tudi \u0161tevilnih pogovorih avtorja s pre\u017eivelimi tabori\u0161\u010dniki (tudi s slovenskim partizanom in zapornikom Radovanom Hrastom). Martin Previ\u0161i\u0107 z neverjetno mo\u010djo pripovedovanja, rahlo\u010dutnostjo do vsakega pri\u010devalca in velikim poznavanjem znanstveno natan\u010dno in poglobljeno predstavi stra\u0161ljivo golooto\u0161ko obdobje, eno najbolj kontroverznih epizod v na\u0161i skupni zgodovini 20. stoletja.&nbsp;<\/p>\n\n\n\n<p>Pretresljiva in nepristranska interpretacija travmati\u010dne jugoslovanske komunisti\u010dne preteklosti in zgodovine: nasilja nad lastnimi ljudmi.<\/p>\n\n\n\n<p><strong>Martin Previ\u0161i\u0107 <\/strong>(Zagreb, 1984) je docent na Katedri za hrva\u0161ko zgodovino Oddelka za zgodovino Filozofske fakultete Univerze v Zagrebu. Podro\u010dji njegovih raziskav sta zgodovina socialisti\u010dne Jugoslavije in Hrva\u0161ke od leta 1945 ter zgodovina komunizma. Je avtor vrste znanstvenih besedil ter sodelavec pri dokumentarnih filmih in razstavah.<\/p>\n\n\n\n<hr class=\"wp-block-separator\"\/>\n\n\n\n<p>Izvor: <a href=\"https:\/\/www.mladinska-knjiga.si\/knjige\/stvarna-literatura\/zgodovina-golega-otoka\">https:\/\/www.mladinska-knjiga.si\/knjige\/stvarna-literatura\/zgodovina-golega-otoka<\/a><\/p>\n\n\n\n<hr class=\"wp-block-separator\"\/>\n","protected":false},"excerpt":{"rendered":"","protected":false},"author":2,"featured_media":26177,"comment_status":"open","ping_status":"open","sticky":false,"template":"","format":"standard","meta":{"_acf_changed":false,"jetpack_post_was_ever_published":false,"_jetpack_newsletter_access":"","_jetpack_dont_email_post_to_subs":false,"_jetpack_newsletter_tier_id":0,"_jetpack_memberships_contains_paywalled_content":false,"_jetpack_memberships_contains_paid_content":false,"footnotes":"","jetpack_publicize_message":"","jetpack_publicize_feature_enabled":true,"jetpack_social_post_already_shared":true,"jetpack_social_options":{"image_generator_settings":{"template":"highway","default_image_id":0,"font":"","enabled":false},"version":2}},"categories":[8,3],"tags":[],"class_list":["post-26176","post","type-post","status-publish","format-standard","has-post-thumbnail","hentry","category-knjige","category-novosti"],"acf":{"facebook_opis":""},"jetpack_publicize_connections":[],"jetpack_featured_media_url":"https:\/\/i0.wp.com\/historiografija.hr\/wp-content\/uploads\/2021\/05\/Zgodovina-golega-otoka.jpg?fit=275%2C412&ssl=1","jetpack_sharing_enabled":true,"jetpack-related-posts":[],"_links":{"self":[{"href":"https:\/\/historiografija.hr\/index.php?rest_route=\/wp\/v2\/posts\/26176","targetHints":{"allow":["GET"]}}],"collection":[{"href":"https:\/\/historiografija.hr\/index.php?rest_route=\/wp\/v2\/posts"}],"about":[{"href":"https:\/\/historiografija.hr\/index.php?rest_route=\/wp\/v2\/types\/post"}],"author":[{"embeddable":true,"href":"https:\/\/historiografija.hr\/index.php?rest_route=\/wp\/v2\/users\/2"}],"replies":[{"embeddable":true,"href":"https:\/\/historiografija.hr\/index.php?rest_route=%2Fwp%2Fv2%2Fcomments&post=26176"}],"version-history":[{"count":1,"href":"https:\/\/historiografija.hr\/index.php?rest_route=\/wp\/v2\/posts\/26176\/revisions"}],"predecessor-version":[{"id":26178,"href":"https:\/\/historiografija.hr\/index.php?rest_route=\/wp\/v2\/posts\/26176\/revisions\/26178"}],"wp:featuredmedia":[{"embeddable":true,"href":"https:\/\/historiografija.hr\/index.php?rest_route=\/wp\/v2\/media\/26177"}],"wp:attachment":[{"href":"https:\/\/historiografija.hr\/index.php?rest_route=%2Fwp%2Fv2%2Fmedia&parent=26176"}],"wp:term":[{"taxonomy":"category","embeddable":true,"href":"https:\/\/historiografija.hr\/index.php?rest_route=%2Fwp%2Fv2%2Fcategories&post=26176"},{"taxonomy":"post_tag","embeddable":true,"href":"https:\/\/historiografija.hr\/index.php?rest_route=%2Fwp%2Fv2%2Ftags&post=26176"}],"curies":[{"name":"wp","href":"https:\/\/api.w.org\/{rel}","templated":true}]}}