{"id":26136,"date":"2021-05-07T21:59:42","date_gmt":"2021-05-07T21:59:42","guid":{"rendered":"http:\/\/historiografija.hr\/?p=26136"},"modified":"2021-05-10T18:31:31","modified_gmt":"2021-05-10T18:31:31","slug":"konferencija-identitet-hrvata-boke-kotorske","status":"publish","type":"post","link":"https:\/\/historiografija.hr\/?p=26136","title":{"rendered":"Konferencija \u201cIdentitet Hrvata Boke kotorske\u201d"},"content":{"rendered":"\n<p>U organizaciji Instituta dru\u0161tvenih znanosti Ivo Pilar, Hrvatskog katoli\u010dkog sveu\u010dili\u0161ta, Fakulteta hrvatskih studija Sveu\u010dili\u0161ta u Zagrebu, Instituta za hrvatski jezik i jezikoslovlje te Zavoda za povijesne znanosti u Zadru HAZU u Zagrebu i Tivtu od 6. do 9. svibnja 2021. odr\u017eava se konferencija \u201cIdentitet Hrvata Boke kotorske\u201d.<\/p>\n\n\n\n<p>Program konferencije dostupan je na poveznicama:<\/p>\n\n\n\n<figure class=\"wp-block-embed-wordpress wp-block-embed is-type-wp-embed is-provider-institut-drustvenih-znanosti-ivo-pilar\"><div class=\"wp-block-embed__wrapper\">\n<blockquote class=\"wp-embedded-content\" data-secret=\"8oINgO7rJd\"><a href=\"https:\/\/www.pilar.hr\/2021\/05\/konferencija-identitet-hrvata-boke-kotorske-zagreb-tivat-6-9-5-2021\/\">Konferencija \u201cIdentitet Hrvata Boke kotorske\u201d; Zagreb-Tivat, 6.-9. 5. 2021.<\/a><\/blockquote><iframe loading=\"lazy\" class=\"wp-embedded-content\" sandbox=\"allow-scripts\" security=\"restricted\" style=\"position: absolute; clip: rect(1px, 1px, 1px, 1px);\" title=\"&#8220;Konferencija \u201cIdentitet Hrvata Boke kotorske\u201d; Zagreb-Tivat, 6.-9. 5. 2021.&#8221; &#8212; Institut dru\u0161tvenih znanosti Ivo Pilar\" src=\"https:\/\/www.pilar.hr\/2021\/05\/konferencija-identitet-hrvata-boke-kotorske-zagreb-tivat-6-9-5-2021\/embed\/#?secret=8oINgO7rJd\" data-secret=\"8oINgO7rJd\" width=\"600\" height=\"338\" frameborder=\"0\" marginwidth=\"0\" marginheight=\"0\" scrolling=\"no\"><\/iframe>\n<\/div><\/figure>\n\n\n\n<figure class=\"wp-block-embed-wordpress wp-block-embed is-type-wp-embed is-provider-hazu\"><div class=\"wp-block-embed__wrapper\">\n<blockquote class=\"wp-embedded-content\" data-secret=\"VYMUY82EMC\"><a href=\"https:\/\/www.info.hazu.hr\/events\/znanstveni-skup-identitet-hrvata-boke-kotorske\/\">Znanstveni skup &#8220;Identitet Hrvata Boke kotorske&#8221;<\/a><\/blockquote><iframe loading=\"lazy\" class=\"wp-embedded-content\" sandbox=\"allow-scripts\" security=\"restricted\" style=\"position: absolute; clip: rect(1px, 1px, 1px, 1px);\" title=\"&#8220;Znanstveni skup &#8220;Identitet Hrvata Boke kotorske&#8221;&#8221; &#8212; HAZU\" src=\"https:\/\/www.info.hazu.hr\/events\/znanstveni-skup-identitet-hrvata-boke-kotorske\/embed\/#?secret=VYMUY82EMC\" data-secret=\"VYMUY82EMC\" width=\"600\" height=\"338\" frameborder=\"0\" marginwidth=\"0\" marginheight=\"0\" scrolling=\"no\"><\/iframe>\n<\/div><\/figure>\n\n\n\n<p>Dodatne informacije:<\/p>\n\n\n\n<figure class=\"wp-block-embed-wordpress wp-block-embed is-type-wp-embed is-provider-institut-drustvenih-znanosti-ivo-pilar\"><div class=\"wp-block-embed__wrapper\">\n<blockquote class=\"wp-embedded-content\" data-secret=\"t25nY4euSL\"><a href=\"https:\/\/www.pilar.hr\/2021\/05\/otvorena-znanstvena-konferencija-identitet-hrvata-boke-kotorske-u-zagrebu-6-5-2021\/\">Otvorena znanstvena konferencija &#8220;Identitet Hrvata Boke kotorske&#8221; u Zagrebu, 6. 5. 2021.<\/a><\/blockquote><iframe loading=\"lazy\" class=\"wp-embedded-content\" sandbox=\"allow-scripts\" security=\"restricted\" style=\"position: absolute; clip: rect(1px, 1px, 1px, 1px);\" title=\"&#8220;Otvorena znanstvena konferencija &#8220;Identitet Hrvata Boke kotorske&#8221; u Zagrebu, 6. 5. 2021.&#8221; &#8212; Institut dru\u0161tvenih znanosti Ivo Pilar\" src=\"https:\/\/www.pilar.hr\/2021\/05\/otvorena-znanstvena-konferencija-identitet-hrvata-boke-kotorske-u-zagrebu-6-5-2021\/embed\/#?secret=t25nY4euSL\" data-secret=\"t25nY4euSL\" width=\"600\" height=\"338\" frameborder=\"0\" marginwidth=\"0\" marginheight=\"0\" scrolling=\"no\"><\/iframe>\n<\/div><\/figure>\n\n\n\n<hr class=\"wp-block-separator\"\/>\n\n\n\n<figure class=\"wp-block-embed-wordpress wp-block-embed is-type-wp-embed is-provider-institut-drustvenih-znanosti-ivo-pilar\"><div class=\"wp-block-embed__wrapper\">\n<blockquote class=\"wp-embedded-content\" data-secret=\"5aZH8DXCMc\"><a href=\"https:\/\/www.pilar.hr\/2021\/05\/zakljucci-znanstvene-konferencije-identitet-hrvata-boke-kotorske-9-5-2021\/\">Zaklju\u010dci znanstvene konferencije &#8220;Identitet Hrvata Boke kotorske&#8221;, 9. 5. 2021.<\/a><\/blockquote><iframe loading=\"lazy\" class=\"wp-embedded-content\" sandbox=\"allow-scripts\" security=\"restricted\" style=\"position: absolute; clip: rect(1px, 1px, 1px, 1px);\" title=\"&#8220;Zaklju\u010dci znanstvene konferencije &#8220;Identitet Hrvata Boke kotorske&#8221;, 9. 5. 2021.&#8221; &#8212; Institut dru\u0161tvenih znanosti Ivo Pilar\" src=\"https:\/\/www.pilar.hr\/2021\/05\/zakljucci-znanstvene-konferencije-identitet-hrvata-boke-kotorske-9-5-2021\/embed\/#?secret=5aZH8DXCMc\" data-secret=\"5aZH8DXCMc\" width=\"600\" height=\"338\" frameborder=\"0\" marginwidth=\"0\" marginheight=\"0\" scrolling=\"no\"><\/iframe>\n<\/div><\/figure>\n\n\n\n<hr class=\"wp-block-separator\"\/>\n","protected":false},"excerpt":{"rendered":"","protected":false},"author":2,"featured_media":26137,"comment_status":"open","ping_status":"open","sticky":false,"template":"","format":"standard","meta":{"_acf_changed":false,"jetpack_post_was_ever_published":false,"_jetpack_newsletter_access":"","_jetpack_dont_email_post_to_subs":false,"_jetpack_newsletter_tier_id":0,"_jetpack_memberships_contains_paywalled_content":false,"_jetpack_memberships_contains_paid_content":false,"footnotes":"","jetpack_publicize_message":"","jetpack_publicize_feature_enabled":true,"jetpack_social_post_already_shared":true,"jetpack_social_options":{"image_generator_settings":{"template":"highway","default_image_id":0,"font":"","enabled":false},"version":2}},"categories":[3,9],"tags":[],"class_list":["post-26136","post","type-post","status-publish","format-standard","has-post-thumbnail","hentry","category-novosti","category-skupovi"],"acf":{"facebook_opis":""},"jetpack_publicize_connections":[],"jetpack_featured_media_url":"https:\/\/i0.wp.com\/historiografija.hr\/wp-content\/uploads\/2021\/05\/boka.jpg?fit=620%2C348&ssl=1","jetpack_sharing_enabled":true,"jetpack-related-posts":[],"_links":{"self":[{"href":"https:\/\/historiografija.hr\/index.php?rest_route=\/wp\/v2\/posts\/26136","targetHints":{"allow":["GET"]}}],"collection":[{"href":"https:\/\/historiografija.hr\/index.php?rest_route=\/wp\/v2\/posts"}],"about":[{"href":"https:\/\/historiografija.hr\/index.php?rest_route=\/wp\/v2\/types\/post"}],"author":[{"embeddable":true,"href":"https:\/\/historiografija.hr\/index.php?rest_route=\/wp\/v2\/users\/2"}],"replies":[{"embeddable":true,"href":"https:\/\/historiografija.hr\/index.php?rest_route=%2Fwp%2Fv2%2Fcomments&post=26136"}],"version-history":[{"count":2,"href":"https:\/\/historiografija.hr\/index.php?rest_route=\/wp\/v2\/posts\/26136\/revisions"}],"predecessor-version":[{"id":26195,"href":"https:\/\/historiografija.hr\/index.php?rest_route=\/wp\/v2\/posts\/26136\/revisions\/26195"}],"wp:featuredmedia":[{"embeddable":true,"href":"https:\/\/historiografija.hr\/index.php?rest_route=\/wp\/v2\/media\/26137"}],"wp:attachment":[{"href":"https:\/\/historiografija.hr\/index.php?rest_route=%2Fwp%2Fv2%2Fmedia&parent=26136"}],"wp:term":[{"taxonomy":"category","embeddable":true,"href":"https:\/\/historiografija.hr\/index.php?rest_route=%2Fwp%2Fv2%2Fcategories&post=26136"},{"taxonomy":"post_tag","embeddable":true,"href":"https:\/\/historiografija.hr\/index.php?rest_route=%2Fwp%2Fv2%2Ftags&post=26136"}],"curies":[{"name":"wp","href":"https:\/\/api.w.org\/{rel}","templated":true}]}}