{"id":26097,"date":"2021-05-04T22:21:48","date_gmt":"2021-05-04T22:21:48","guid":{"rendered":"http:\/\/historiografija.hr\/?p=26097"},"modified":"2021-05-04T22:21:48","modified_gmt":"2021-05-04T22:21:48","slug":"stijn-vervaet-holokaust-rat-i-transnacionalno-secanje-svedocanstvo-iz-jugoslovenske-i-postjugoslovenske-knjizevnosti","status":"publish","type":"post","link":"https:\/\/historiografija.hr\/?p=26097","title":{"rendered":"Stijn Vervaet, \u201cHolokaust, rat i transnacionalno se\u0107anje. Svedo\u010danstvo iz jugoslovenske i postjugoslovenske knji\u017eevnosti\u201d"},"content":{"rendered":"\n<p>(Holocaust, War and Transnational Memory Testimony from Yugoslav and Post-Yugoslav Literature)<\/p>\n\n\n\n<p>Preveli s engleskog: Adriana Zaharijevi\u0107, Aleksandar Pavlovi\u0107<\/p>\n\n\n\n<hr class=\"wp-block-separator\"\/>\n\n\n\n<p>Ova knjiga ispituje nastanak i transformacije pam\u0107enja Holokausta u socijalisti\u010dkoj Jugoslaviji i na postjugoslovenskim prostorima. Razmatra knji\u017eevne tekstove o Holokaustu jugoslovenskih i postjugoslovenskih autora, sme\u0161taju\u0107i njihova dela u istorijski i diskurzivni kontekst u kome su nastala, s naglaskom na njihovoj tada\u0161njoj recepciji. Knjiga pokazuje kako pisci koji pripadaju razli\u010ditim generacijama (generacija pre\u017eivelih, me\u0111ugeneracija i druga i tre\u0107a generacija) Holokaust koriste kao motiv za razumevanje ekstremnog nasilja, jednako lokalnog kao i globalnog. Sadr\u017ei i uporedne studije radova, kako me\u0111unarodno poznatih i prevo\u0111enih autora poput Danila Ki\u0161a i Davida Albaharija, tako i nekoliko zaboravljenih autora, koje ova studija nanovo otkriva. Usredsre\u0111uju\u0107i se na dela jevrejskih i nejevrejskih autora triju nara\u0161taja, knjiga baca svetlost na eti\u010dke i estetske ravni transgeneracijskog preno\u0161enja se\u0107anja na Holokaust u jugoslovenskom kontekstu.<\/p>\n\n\n\n<hr class=\"wp-block-separator\"\/>\n\n\n\n<p>O autoru<\/p>\n\n\n\n<p>Stejn Vervat (Stijn Vervaet) vanredni je profesor bosanskog\/hrvatskog\/srpskog jezika i knji\u017eevnosti na Odseku za knji\u017eevnost, regionalne studije i evropske jezike na Univerzitetu u Oslu. Diplomirao je i doktorirao na Univerzitetu u Gentu s temom o izgradnji nacionalnih identiteta u Bosni i Hercegovini tokom austrougarske uprave. Radio je kao postdoktorand na Univerzitetu u Gentu i postdoktorski istra\u017eiva\u010d (stipendista \u201eMarije Kiri\u201c) na Univerzitetu u Utrehtu. Njegova nau\u010dna interesovanja obuhvataju savremenu bosansku, hrvatsku i srpsku knji\u017eevnost i kulturu, kulturnu istoriju Balkana (od XIX do XXI veka), uporednu knji\u017eevnost i studije pam\u0107enja. Autor je monografije Centar i periferija u Austrougarskoj: dinamika izgradnje nacionalnih identiteta u Bosni i Hercegovini od 1878. do 1918. godine na primjeru knji\u017eevnih tekstova (2013), kao i niza nau\u010dnih radova o predstavljanju ratova devedesetih godina pro\u0161log veka u (post)jugoslovenskoj prozi. Jedan je od urednika zbornika Post-Yugoslav Constellations: Archive, Memory and Trauma in Contemporary Bosnian, Croatian, and Serbian Literature and Culture (2016).<\/p>\n\n\n\n<hr class=\"wp-block-separator\"\/>\n\n\n\n<p>Izvor: <a href=\"https:\/\/akademskaknjiga.com\/katalog\/holokaust-rat-i-transnacionalno-secanje\/\">https:\/\/akademskaknjiga.com\/katalog\/holokaust-rat-i-transnacionalno-secanje\/<\/a><\/p>\n\n\n\n<hr class=\"wp-block-separator\"\/>\n\n\n\n<figure class=\"wp-block-embed-wordpress wp-block-embed is-type-wp-embed is-provider-historiografija-hr\"><div class=\"wp-block-embed__wrapper\">\n<blockquote class=\"wp-embedded-content\" data-secret=\"yFTO3ljHR0\"><a href=\"https:\/\/historiografija.hr\/?p=10637\">Stijn Vervaet, \u201cHolocaust, War and Transnational Memory: Testimony from Yugoslav and Post-Yugoslav Literature\u201d<\/a><\/blockquote><iframe loading=\"lazy\" class=\"wp-embedded-content\" sandbox=\"allow-scripts\" security=\"restricted\" style=\"position: absolute; clip: rect(1px, 1px, 1px, 1px);\" title=\"&#8220;Stijn Vervaet, \u201cHolocaust, War and Transnational Memory: Testimony from Yugoslav and Post-Yugoslav Literature\u201d&#8221; &#8212; Historiografija.hr\" src=\"https:\/\/historiografija.hr\/?p=10637&#038;embed=true#?secret=yFTO3ljHR0\" data-secret=\"yFTO3ljHR0\" width=\"600\" height=\"338\" frameborder=\"0\" marginwidth=\"0\" marginheight=\"0\" scrolling=\"no\"><\/iframe>\n<\/div><\/figure>\n\n\n\n<hr class=\"wp-block-separator\"\/>\n","protected":false},"excerpt":{"rendered":"","protected":false},"author":2,"featured_media":26098,"comment_status":"open","ping_status":"open","sticky":false,"template":"","format":"standard","meta":{"_acf_changed":false,"jetpack_post_was_ever_published":false,"_jetpack_newsletter_access":"","_jetpack_dont_email_post_to_subs":false,"_jetpack_newsletter_tier_id":0,"_jetpack_memberships_contains_paywalled_content":false,"_jetpack_memberships_contains_paid_content":false,"footnotes":"","jetpack_publicize_message":"","jetpack_publicize_feature_enabled":true,"jetpack_social_post_already_shared":true,"jetpack_social_options":{"image_generator_settings":{"template":"highway","default_image_id":0,"font":"","enabled":false},"version":2}},"categories":[8,3],"tags":[],"class_list":["post-26097","post","type-post","status-publish","format-standard","has-post-thumbnail","hentry","category-knjige","category-novosti"],"acf":{"facebook_opis":""},"jetpack_publicize_connections":[],"jetpack_featured_media_url":"https:\/\/i0.wp.com\/historiografija.hr\/wp-content\/uploads\/2021\/05\/Holokaust-korica.jpg?fit=574%2C945&ssl=1","jetpack_sharing_enabled":true,"jetpack-related-posts":[],"_links":{"self":[{"href":"https:\/\/historiografija.hr\/index.php?rest_route=\/wp\/v2\/posts\/26097","targetHints":{"allow":["GET"]}}],"collection":[{"href":"https:\/\/historiografija.hr\/index.php?rest_route=\/wp\/v2\/posts"}],"about":[{"href":"https:\/\/historiografija.hr\/index.php?rest_route=\/wp\/v2\/types\/post"}],"author":[{"embeddable":true,"href":"https:\/\/historiografija.hr\/index.php?rest_route=\/wp\/v2\/users\/2"}],"replies":[{"embeddable":true,"href":"https:\/\/historiografija.hr\/index.php?rest_route=%2Fwp%2Fv2%2Fcomments&post=26097"}],"version-history":[{"count":1,"href":"https:\/\/historiografija.hr\/index.php?rest_route=\/wp\/v2\/posts\/26097\/revisions"}],"predecessor-version":[{"id":26099,"href":"https:\/\/historiografija.hr\/index.php?rest_route=\/wp\/v2\/posts\/26097\/revisions\/26099"}],"wp:featuredmedia":[{"embeddable":true,"href":"https:\/\/historiografija.hr\/index.php?rest_route=\/wp\/v2\/media\/26098"}],"wp:attachment":[{"href":"https:\/\/historiografija.hr\/index.php?rest_route=%2Fwp%2Fv2%2Fmedia&parent=26097"}],"wp:term":[{"taxonomy":"category","embeddable":true,"href":"https:\/\/historiografija.hr\/index.php?rest_route=%2Fwp%2Fv2%2Fcategories&post=26097"},{"taxonomy":"post_tag","embeddable":true,"href":"https:\/\/historiografija.hr\/index.php?rest_route=%2Fwp%2Fv2%2Ftags&post=26097"}],"curies":[{"name":"wp","href":"https:\/\/api.w.org\/{rel}","templated":true}]}}